{"id":3509,"date":"2025-09-01T07:59:37","date_gmt":"2025-09-01T11:59:37","guid":{"rendered":"https:\/\/liceolosangeles.cl\/web\/?p=3509"},"modified":"2025-09-10T08:03:50","modified_gmt":"2025-09-10T12:03:50","slug":"comunal-de-cueca-2025","status":"publish","type":"post","link":"https:\/\/liceolosangeles.cl\/web\/2025\/09\/01\/comunal-de-cueca-2025\/","title":{"rendered":"Comunal de Cueca 2025"},"content":{"rendered":"<div class=\"xdj266r x14z9mp xat24cr x1lziwak x1vvkbs x126k92a\">\n<div dir=\"auto\">Felicitamos y agradecemos a nuestras parejas que representaron con entrega y talento al Liceo Bicentenario Los \u00c1ngeles en el Comunal de Cueca 2025.<\/div>\n<div dir=\"auto\">Katalina Carvallo 8\u00b0 F y Vicente Pulgar 7\u00b0C &#8211; Categor\u00eda Ense\u00f1anza B\u00e1sica.<\/div>\n<div dir=\"auto\">Darling Villegas 4\u00b0C y Benjam\u00edn Manosalva 4\u00b0A &#8211; Categor\u00eda Ense\u00f1anza Media.<\/div>\n<\/div>\n<div class=\"x14z9mp xat24cr x1lziwak x1vvkbs xtlvy1s x126k92a\">\n<div dir=\"auto\">Nos sentimos orgullosos de nuestros leones y leonas que dejan en alto el nombre de nuestro liceo.<\/div>\n<div dir=\"auto\">&nbsp;<\/div>\n<\/div>\n","protected":false},"excerpt":{"rendered":"<p>Felicitamos y agradecemos a nuestras parejas que representaron con entrega y talento al Liceo Bicentenario Los \u00c1ngeles en el Comunal de Cueca 2025. Katalina Carvallo 8\u00b0 F y Vicente Pulgar 7\u00b0C &#8211; Categor\u00eda Ense\u00f1anza B\u00e1sica. Darling Villegas 4\u00b0C y Benjam\u00edn Manosalva 4\u00b0A &#8211; Categor\u00eda Ense\u00f1anza Media. Nos sentimos orgullosos de nuestros leones y leonas que [&hellip;]<\/p>\n","protected":false},"author":1,"featured_media":3510,"comment_status":"closed","ping_status":"closed","sticky":false,"template":"","format":"standard","meta":{"ngg_post_thumbnail":0,"footnotes":""},"categories":[56],"tags":[],"class_list":["post-3509","post","type-post","status-publish","format-standard","has-post-thumbnail","hentry","category-actividades"],"rttpg_featured_image_url":{"full":["https:\/\/liceolosangeles.cl\/web\/wp-content\/uploads\/2025\/09\/Sin-titulo-1.jpg",1041,647,false],"landscape":["https:\/\/liceolosangeles.cl\/web\/wp-content\/uploads\/2025\/09\/Sin-titulo-1.jpg",1041,647,false],"portraits":["https:\/\/liceolosangeles.cl\/web\/wp-content\/uploads\/2025\/09\/Sin-titulo-1.jpg",1041,647,false],"thumbnail":["https:\/\/liceolosangeles.cl\/web\/wp-content\/uploads\/2025\/09\/Sin-titulo-1-150x150.jpg",150,150,true],"medium":["https:\/\/liceolosangeles.cl\/web\/wp-content\/uploads\/2025\/09\/Sin-titulo-1-300x186.jpg",300,186,true],"large":["https:\/\/liceolosangeles.cl\/web\/wp-content\/uploads\/2025\/09\/Sin-titulo-1-1024x636.jpg",640,398,true],"1536x1536":["https:\/\/liceolosangeles.cl\/web\/wp-content\/uploads\/2025\/09\/Sin-titulo-1.jpg",1041,647,false],"2048x2048":["https:\/\/liceolosangeles.cl\/web\/wp-content\/uploads\/2025\/09\/Sin-titulo-1.jpg",1041,647,false],"psacp-medium":["https:\/\/liceolosangeles.cl\/web\/wp-content\/uploads\/2025\/09\/Sin-titulo-1-500x500.jpg",500,500,true]},"rttpg_author":{"display_name":"admin","author_link":"https:\/\/liceolosangeles.cl\/web\/author\/admin\/"},"rttpg_comment":0,"rttpg_category":"<a href=\"https:\/\/liceolosangeles.cl\/web\/category\/actividades\/\" rel=\"category tag\">Actividades<\/a>","rttpg_excerpt":"Felicitamos y agradecemos a nuestras parejas que representaron con entrega y talento al Liceo Bicentenario Los \u00c1ngeles en el Comunal de Cueca 2025. Katalina Carvallo 8\u00b0 F y Vicente Pulgar 7\u00b0C &#8211; Categor\u00eda Ense\u00f1anza B\u00e1sica. Darling Villegas 4\u00b0C y Benjam\u00edn Manosalva 4\u00b0A &#8211; Categor\u00eda Ense\u00f1anza Media. Nos sentimos orgullosos de nuestros leones y leonas que&hellip;","_links":{"self":[{"href":"https:\/\/liceolosangeles.cl\/web\/wp-json\/wp\/v2\/posts\/3509","targetHints":{"allow":["GET"]}}],"collection":[{"href":"https:\/\/liceolosangeles.cl\/web\/wp-json\/wp\/v2\/posts"}],"about":[{"href":"https:\/\/liceolosangeles.cl\/web\/wp-json\/wp\/v2\/types\/post"}],"author":[{"embeddable":true,"href":"https:\/\/liceolosangeles.cl\/web\/wp-json\/wp\/v2\/users\/1"}],"replies":[{"embeddable":true,"href":"https:\/\/liceolosangeles.cl\/web\/wp-json\/wp\/v2\/comments?post=3509"}],"version-history":[{"count":2,"href":"https:\/\/liceolosangeles.cl\/web\/wp-json\/wp\/v2\/posts\/3509\/revisions"}],"predecessor-version":[{"id":3512,"href":"https:\/\/liceolosangeles.cl\/web\/wp-json\/wp\/v2\/posts\/3509\/revisions\/3512"}],"wp:featuredmedia":[{"embeddable":true,"href":"https:\/\/liceolosangeles.cl\/web\/wp-json\/wp\/v2\/media\/3510"}],"wp:attachment":[{"href":"https:\/\/liceolosangeles.cl\/web\/wp-json\/wp\/v2\/media?parent=3509"}],"wp:term":[{"taxonomy":"category","embeddable":true,"href":"https:\/\/liceolosangeles.cl\/web\/wp-json\/wp\/v2\/categories?post=3509"},{"taxonomy":"post_tag","embeddable":true,"href":"https:\/\/liceolosangeles.cl\/web\/wp-json\/wp\/v2\/tags?post=3509"}],"curies":[{"name":"wp","href":"https:\/\/api.w.org\/{rel}","templated":true}]}}