{"id":3329,"date":"2024-11-14T10:47:48","date_gmt":"2024-11-14T14:47:48","guid":{"rendered":"https:\/\/liceolosangeles.cl\/web\/?p=3329"},"modified":"2024-11-29T10:50:11","modified_gmt":"2024-11-29T14:50:11","slug":"taller-de-respeto-e-inclusion","status":"publish","type":"post","link":"https:\/\/liceolosangeles.cl\/web\/2024\/11\/14\/taller-de-respeto-e-inclusion\/","title":{"rendered":"Taller de Respeto e Inclusi\u00f3n"},"content":{"rendered":"<div class=\"xdj266r x11i5rnm xat24cr x1mh8g0r x1vvkbs x126k92a\">\n<div dir=\"auto\">Organizado por: Programa de Integraci\u00f3n Escolar y la Terapeuta Ocupacional Cristina Contreras DIDESO<\/div>\n<\/div>\n<div class=\"x11i5rnm xat24cr x1mh8g0r x1vvkbs xtlvy1s x126k92a\">\n<div dir=\"auto\">Objetivo: Fomentar un ambiente de respeto e inclusi\u00f3n en la comunidad escolar.<\/div>\n<\/div>\n<div class=\"x11i5rnm xat24cr x1mh8g0r x1vvkbs xtlvy1s x126k92a\">\n<div dir=\"auto\">Contenido:<\/div>\n<\/div>\n<div class=\"x11i5rnm xat24cr x1mh8g0r x1vvkbs xtlvy1s x126k92a\">\n<div dir=\"auto\">&#8211; La importancia del respeto y la inclusi\u00f3n<\/div>\n<div dir=\"auto\">&#8211; C\u00f3mo promover la inclusi\u00f3n en el aula y en el Liceo<\/div>\n<div dir=\"auto\">&#8211; Estrategias para fomentar el respeto mutuo<\/div>\n<\/div>\n<div class=\"x11i5rnm xat24cr x1mh8g0r x1vvkbs xtlvy1s x126k92a\">\n<div dir=\"auto\">Dirigido a: Estudiantes del 1 F<\/div>\n<div dir=\"auto\">ngg_shortcode_0_placeholder<\/div>\n<\/div>\n","protected":false},"excerpt":{"rendered":"<p>Organizado por: Programa de Integraci\u00f3n Escolar y la Terapeuta Ocupacional Cristina Contreras DIDESO Objetivo: Fomentar un ambiente de respeto e inclusi\u00f3n en la comunidad escolar. Contenido: &#8211; La importancia del respeto y la inclusi\u00f3n &#8211; C\u00f3mo promover la inclusi\u00f3n en el aula y en el Liceo &#8211; Estrategias para fomentar el respeto mutuo Dirigido a: [&hellip;]<\/p>\n","protected":false},"author":1,"featured_media":3331,"comment_status":"closed","ping_status":"closed","sticky":false,"template":"","format":"standard","meta":{"ngg_post_thumbnail":0,"footnotes":""},"categories":[56],"tags":[],"class_list":["post-3329","post","type-post","status-publish","format-standard","has-post-thumbnail","hentry","category-actividades"],"rttpg_featured_image_url":{"full":["https:\/\/liceolosangeles.cl\/web\/wp-content\/uploads\/2024\/11\/465642407_1003424408256028_2068346893988814508_n.jpg",1125,819,false],"landscape":["https:\/\/liceolosangeles.cl\/web\/wp-content\/uploads\/2024\/11\/465642407_1003424408256028_2068346893988814508_n.jpg",1125,819,false],"portraits":["https:\/\/liceolosangeles.cl\/web\/wp-content\/uploads\/2024\/11\/465642407_1003424408256028_2068346893988814508_n.jpg",1125,819,false],"thumbnail":["https:\/\/liceolosangeles.cl\/web\/wp-content\/uploads\/2024\/11\/465642407_1003424408256028_2068346893988814508_n-150x150.jpg",150,150,true],"medium":["https:\/\/liceolosangeles.cl\/web\/wp-content\/uploads\/2024\/11\/465642407_1003424408256028_2068346893988814508_n-300x218.jpg",300,218,true],"large":["https:\/\/liceolosangeles.cl\/web\/wp-content\/uploads\/2024\/11\/465642407_1003424408256028_2068346893988814508_n-1024x745.jpg",640,466,true],"1536x1536":["https:\/\/liceolosangeles.cl\/web\/wp-content\/uploads\/2024\/11\/465642407_1003424408256028_2068346893988814508_n.jpg",1125,819,false],"2048x2048":["https:\/\/liceolosangeles.cl\/web\/wp-content\/uploads\/2024\/11\/465642407_1003424408256028_2068346893988814508_n.jpg",1125,819,false],"psacp-medium":["https:\/\/liceolosangeles.cl\/web\/wp-content\/uploads\/2024\/11\/465642407_1003424408256028_2068346893988814508_n.jpg",500,364,false]},"rttpg_author":{"display_name":"admin","author_link":"https:\/\/liceolosangeles.cl\/web\/author\/admin\/"},"rttpg_comment":0,"rttpg_category":"<a href=\"https:\/\/liceolosangeles.cl\/web\/category\/actividades\/\" rel=\"category tag\">Actividades<\/a>","rttpg_excerpt":"Organizado por: Programa de Integraci\u00f3n Escolar y la Terapeuta Ocupacional Cristina Contreras DIDESO Objetivo: Fomentar un ambiente de respeto e inclusi\u00f3n en la comunidad escolar. Contenido: &#8211; La importancia del respeto y la inclusi\u00f3n &#8211; C\u00f3mo promover la inclusi\u00f3n en el aula y en el Liceo &#8211; Estrategias para fomentar el respeto mutuo Dirigido a:&hellip;","_links":{"self":[{"href":"https:\/\/liceolosangeles.cl\/web\/wp-json\/wp\/v2\/posts\/3329","targetHints":{"allow":["GET"]}}],"collection":[{"href":"https:\/\/liceolosangeles.cl\/web\/wp-json\/wp\/v2\/posts"}],"about":[{"href":"https:\/\/liceolosangeles.cl\/web\/wp-json\/wp\/v2\/types\/post"}],"author":[{"embeddable":true,"href":"https:\/\/liceolosangeles.cl\/web\/wp-json\/wp\/v2\/users\/1"}],"replies":[{"embeddable":true,"href":"https:\/\/liceolosangeles.cl\/web\/wp-json\/wp\/v2\/comments?post=3329"}],"version-history":[{"count":3,"href":"https:\/\/liceolosangeles.cl\/web\/wp-json\/wp\/v2\/posts\/3329\/revisions"}],"predecessor-version":[{"id":3344,"href":"https:\/\/liceolosangeles.cl\/web\/wp-json\/wp\/v2\/posts\/3329\/revisions\/3344"}],"wp:featuredmedia":[{"embeddable":true,"href":"https:\/\/liceolosangeles.cl\/web\/wp-json\/wp\/v2\/media\/3331"}],"wp:attachment":[{"href":"https:\/\/liceolosangeles.cl\/web\/wp-json\/wp\/v2\/media?parent=3329"}],"wp:term":[{"taxonomy":"category","embeddable":true,"href":"https:\/\/liceolosangeles.cl\/web\/wp-json\/wp\/v2\/categories?post=3329"},{"taxonomy":"post_tag","embeddable":true,"href":"https:\/\/liceolosangeles.cl\/web\/wp-json\/wp\/v2\/tags?post=3329"}],"curies":[{"name":"wp","href":"https:\/\/api.w.org\/{rel}","templated":true}]}}