{"id":3282,"date":"2024-11-13T10:36:59","date_gmt":"2024-11-13T14:36:59","guid":{"rendered":"https:\/\/liceolosangeles.cl\/web\/?p=3282"},"modified":"2024-11-29T10:41:39","modified_gmt":"2024-11-29T14:41:39","slug":"taller-de-inclusion-y-respeto","status":"publish","type":"post","link":"https:\/\/liceolosangeles.cl\/web\/2024\/11\/13\/taller-de-inclusion-y-respeto\/","title":{"rendered":"Taller de inclusi\u00f3n y respeto"},"content":{"rendered":"<p><span class=\"html-span xexx8yu x4uap5 x18d9i69 xkhd6sd x1hl2dhg x16tdsg8 x1vvkbs x3nfvp2 x1j61x8r x1fcty0u xdj266r xat24cr xgzva0m xhhsvwb xxymvpz xlup9mm x1kky2od\"><img loading=\"lazy\" decoding=\"async\" class=\"xz74otr\" src=\"https:\/\/static.xx.fbcdn.net\/images\/emoji.php\/v9\/tf4\/1\/16\/2728.png\" alt=\"\u2728\" width=\"16\" height=\"16\"><\/span>El d\u00eda de ayer se realiz\u00f3 en el curso 2\u00b0D el Taller de Inclusi\u00f3n y respeto, dictada por terapeuta ocupacional Cristina Contreras (DIDESO) gestionado y acompa\u00f1ados por el Programa de Integraci\u00f3n Escolar y Orientador del Liceo. Adem\u00e1s se realiz\u00f3 una jornada de contenci\u00f3n emocional para Docentes y equipo de Convivencia Escolar. <span class=\"html-span xexx8yu x4uap5 x18d9i69 xkhd6sd x1hl2dhg x16tdsg8 x1vvkbs x3nfvp2 x1j61x8r x1fcty0u xdj266r xat24cr xgzva0m xhhsvwb xxymvpz xlup9mm x1kky2od\"><img loading=\"lazy\" decoding=\"async\" class=\"xz74otr\" src=\"https:\/\/static.xx.fbcdn.net\/images\/emoji.php\/v9\/tf4\/1\/16\/2728.png\" alt=\"\u2728\" width=\"16\" height=\"16\"><\/span><\/p>\nngg_shortcode_0_placeholder\n","protected":false},"excerpt":{"rendered":"<p>El d\u00eda de ayer se realiz\u00f3 en el curso 2\u00b0D el Taller de Inclusi\u00f3n y respeto, dictada por terapeuta ocupacional Cristina Contreras (DIDESO) gestionado y acompa\u00f1ados por el Programa de Integraci\u00f3n Escolar y Orientador del Liceo. Adem\u00e1s se realiz\u00f3 una jornada de contenci\u00f3n emocional para Docentes y equipo de Convivencia Escolar.<\/p>\n","protected":false},"author":1,"featured_media":3303,"comment_status":"closed","ping_status":"closed","sticky":false,"template":"","format":"standard","meta":{"ngg_post_thumbnail":0,"footnotes":""},"categories":[56],"tags":[],"class_list":["post-3282","post","type-post","status-publish","format-standard","has-post-thumbnail","hentry","category-actividades"],"rttpg_featured_image_url":{"full":["https:\/\/liceolosangeles.cl\/web\/wp-content\/uploads\/2024\/11\/466583247_1002155035049632_2295670791252741409_n.jpg",1600,1200,false],"landscape":["https:\/\/liceolosangeles.cl\/web\/wp-content\/uploads\/2024\/11\/466583247_1002155035049632_2295670791252741409_n.jpg",1600,1200,false],"portraits":["https:\/\/liceolosangeles.cl\/web\/wp-content\/uploads\/2024\/11\/466583247_1002155035049632_2295670791252741409_n.jpg",1600,1200,false],"thumbnail":["https:\/\/liceolosangeles.cl\/web\/wp-content\/uploads\/2024\/11\/466583247_1002155035049632_2295670791252741409_n-150x150.jpg",150,150,true],"medium":["https:\/\/liceolosangeles.cl\/web\/wp-content\/uploads\/2024\/11\/466583247_1002155035049632_2295670791252741409_n-300x225.jpg",300,225,true],"large":["https:\/\/liceolosangeles.cl\/web\/wp-content\/uploads\/2024\/11\/466583247_1002155035049632_2295670791252741409_n-1024x768.jpg",640,480,true],"1536x1536":["https:\/\/liceolosangeles.cl\/web\/wp-content\/uploads\/2024\/11\/466583247_1002155035049632_2295670791252741409_n-1536x1152.jpg",1536,1152,true],"2048x2048":["https:\/\/liceolosangeles.cl\/web\/wp-content\/uploads\/2024\/11\/466583247_1002155035049632_2295670791252741409_n.jpg",1600,1200,false],"psacp-medium":["https:\/\/liceolosangeles.cl\/web\/wp-content\/uploads\/2024\/11\/466583247_1002155035049632_2295670791252741409_n.jpg",500,375,false]},"rttpg_author":{"display_name":"admin","author_link":"https:\/\/liceolosangeles.cl\/web\/author\/admin\/"},"rttpg_comment":0,"rttpg_category":"<a href=\"https:\/\/liceolosangeles.cl\/web\/category\/actividades\/\" rel=\"category tag\">Actividades<\/a>","rttpg_excerpt":"El d\u00eda de ayer se realiz\u00f3 en el curso 2\u00b0D el Taller de Inclusi\u00f3n y respeto, dictada por terapeuta ocupacional Cristina Contreras (DIDESO) gestionado y acompa\u00f1ados por el Programa de Integraci\u00f3n Escolar y Orientador del Liceo. Adem\u00e1s se realiz\u00f3 una jornada de contenci\u00f3n emocional para Docentes y equipo de Convivencia Escolar.","_links":{"self":[{"href":"https:\/\/liceolosangeles.cl\/web\/wp-json\/wp\/v2\/posts\/3282","targetHints":{"allow":["GET"]}}],"collection":[{"href":"https:\/\/liceolosangeles.cl\/web\/wp-json\/wp\/v2\/posts"}],"about":[{"href":"https:\/\/liceolosangeles.cl\/web\/wp-json\/wp\/v2\/types\/post"}],"author":[{"embeddable":true,"href":"https:\/\/liceolosangeles.cl\/web\/wp-json\/wp\/v2\/users\/1"}],"replies":[{"embeddable":true,"href":"https:\/\/liceolosangeles.cl\/web\/wp-json\/wp\/v2\/comments?post=3282"}],"version-history":[{"count":1,"href":"https:\/\/liceolosangeles.cl\/web\/wp-json\/wp\/v2\/posts\/3282\/revisions"}],"predecessor-version":[{"id":3301,"href":"https:\/\/liceolosangeles.cl\/web\/wp-json\/wp\/v2\/posts\/3282\/revisions\/3301"}],"wp:featuredmedia":[{"embeddable":true,"href":"https:\/\/liceolosangeles.cl\/web\/wp-json\/wp\/v2\/media\/3303"}],"wp:attachment":[{"href":"https:\/\/liceolosangeles.cl\/web\/wp-json\/wp\/v2\/media?parent=3282"}],"wp:term":[{"taxonomy":"category","embeddable":true,"href":"https:\/\/liceolosangeles.cl\/web\/wp-json\/wp\/v2\/categories?post=3282"},{"taxonomy":"post_tag","embeddable":true,"href":"https:\/\/liceolosangeles.cl\/web\/wp-json\/wp\/v2\/tags?post=3282"}],"curies":[{"name":"wp","href":"https:\/\/api.w.org\/{rel}","templated":true}]}}