{"id":3030,"date":"2024-10-13T14:05:04","date_gmt":"2024-10-13T18:05:04","guid":{"rendered":"https:\/\/liceolosangeles.cl\/web\/?p=3030"},"modified":"2024-10-16T14:08:34","modified_gmt":"2024-10-16T18:08:34","slug":"nueva-version-del-festival-de-la-voz-lbla-%f0%9f%8e%99%ef%b8%8f","status":"publish","type":"post","link":"https:\/\/liceolosangeles.cl\/web\/2024\/10\/13\/nueva-version-del-festival-de-la-voz-lbla-%f0%9f%8e%99%ef%b8%8f\/","title":{"rendered":"Nueva Versi\u00f3n del Festival de La Voz LBLA \ud83c\udf99\ufe0f"},"content":{"rendered":"<div dir=\"auto\">Con total \u00e9xito se llev\u00f3 a cabo el Festival de la voz a cargo del departamento de Artes Musicales de nuestro liceo, en el cual participaron estudiantes de ense\u00f1anza b\u00e1sica y media, obteniendo los 3 primeros lugares de cada categor\u00eda quienes nos representar\u00e1n en el certamen comunal <span class=\"html-span xexx8yu x4uap5 x18d9i69 xkhd6sd x1hl2dhg x16tdsg8 x1vvkbs x3nfvp2 x1j61x8r x1fcty0u xdj266r xat24cr xgzva0m xhhsvwb xxymvpz xlup9mm x1kky2od\"><img loading=\"lazy\" decoding=\"async\" class=\"xz74otr\" src=\"https:\/\/static.xx.fbcdn.net\/images\/emoji.php\/v9\/t39\/1\/16\/1f64c_1f3fc.png\" alt=\"\ud83d\ude4c\ud83c\udffc\" width=\"16\" height=\"16\"><\/span><\/div>\n<div dir=\"auto\">Ganadores E. B\u00e1sica<\/div>\n<div dir=\"auto\">&#8211; 1\u00ba Lorenza D\u00edaz 8\u00baA<\/div>\n<div dir=\"auto\">&#8211; 2\u00ba Emilia Fuentealba 7\u00baF<\/div>\n<div dir=\"auto\">&#8211; 3\u00ba Grisel Montanares 8\u00baB<\/div>\n<div dir=\"auto\">Categor\u00eda E. Media<\/div>\n<div dir=\"auto\">&#8211; 1\u00ba Mart\u00edn Ortiz 3\u00baC<\/div>\n<div dir=\"auto\">&#8211; 2\u00ba Javiera Cerda 4\u00baC<\/div>\n<div dir=\"auto\">&#8211; 3\u00ba Anabella Bast\u00edas 3\u00baE<\/div>\n<div dir=\"auto\">ngg_shortcode_0_placeholder<\/div>\n","protected":false},"excerpt":{"rendered":"<p>Con total \u00e9xito se llev\u00f3 a cabo el Festival de la voz a cargo del departamento de Artes Musicales de nuestro liceo, en el cual participaron estudiantes de ense\u00f1anza b\u00e1sica y media, obteniendo los 3 primeros lugares de cada categor\u00eda quienes nos representar\u00e1n en el certamen comunal Ganadores E. B\u00e1sica &#8211; 1\u00ba Lorenza D\u00edaz 8\u00baA [&hellip;]<\/p>\n","protected":false},"author":1,"featured_media":3031,"comment_status":"closed","ping_status":"closed","sticky":false,"template":"","format":"standard","meta":{"ngg_post_thumbnail":0,"footnotes":""},"categories":[56],"tags":[],"class_list":["post-3030","post","type-post","status-publish","format-standard","has-post-thumbnail","hentry","category-actividades"],"rttpg_featured_image_url":{"full":["https:\/\/liceolosangeles.cl\/web\/wp-content\/uploads\/2024\/10\/462847486_980222593909543_6247932051945351245_n.jpg",1600,1600,false],"landscape":["https:\/\/liceolosangeles.cl\/web\/wp-content\/uploads\/2024\/10\/462847486_980222593909543_6247932051945351245_n.jpg",1600,1600,false],"portraits":["https:\/\/liceolosangeles.cl\/web\/wp-content\/uploads\/2024\/10\/462847486_980222593909543_6247932051945351245_n.jpg",1600,1600,false],"thumbnail":["https:\/\/liceolosangeles.cl\/web\/wp-content\/uploads\/2024\/10\/462847486_980222593909543_6247932051945351245_n-150x150.jpg",150,150,true],"medium":["https:\/\/liceolosangeles.cl\/web\/wp-content\/uploads\/2024\/10\/462847486_980222593909543_6247932051945351245_n-300x300.jpg",300,300,true],"large":["https:\/\/liceolosangeles.cl\/web\/wp-content\/uploads\/2024\/10\/462847486_980222593909543_6247932051945351245_n-1024x1024.jpg",640,640,true],"1536x1536":["https:\/\/liceolosangeles.cl\/web\/wp-content\/uploads\/2024\/10\/462847486_980222593909543_6247932051945351245_n-1536x1536.jpg",1536,1536,true],"2048x2048":["https:\/\/liceolosangeles.cl\/web\/wp-content\/uploads\/2024\/10\/462847486_980222593909543_6247932051945351245_n.jpg",1600,1600,false],"psacp-medium":["https:\/\/liceolosangeles.cl\/web\/wp-content\/uploads\/2024\/10\/462847486_980222593909543_6247932051945351245_n.jpg",500,500,false]},"rttpg_author":{"display_name":"admin","author_link":"https:\/\/liceolosangeles.cl\/web\/author\/admin\/"},"rttpg_comment":0,"rttpg_category":"<a href=\"https:\/\/liceolosangeles.cl\/web\/category\/actividades\/\" rel=\"category tag\">Actividades<\/a>","rttpg_excerpt":"Con total \u00e9xito se llev\u00f3 a cabo el Festival de la voz a cargo del departamento de Artes Musicales de nuestro liceo, en el cual participaron estudiantes de ense\u00f1anza b\u00e1sica y media, obteniendo los 3 primeros lugares de cada categor\u00eda quienes nos representar\u00e1n en el certamen comunal Ganadores E. B\u00e1sica &#8211; 1\u00ba Lorenza D\u00edaz 8\u00baA&hellip;","_links":{"self":[{"href":"https:\/\/liceolosangeles.cl\/web\/wp-json\/wp\/v2\/posts\/3030","targetHints":{"allow":["GET"]}}],"collection":[{"href":"https:\/\/liceolosangeles.cl\/web\/wp-json\/wp\/v2\/posts"}],"about":[{"href":"https:\/\/liceolosangeles.cl\/web\/wp-json\/wp\/v2\/types\/post"}],"author":[{"embeddable":true,"href":"https:\/\/liceolosangeles.cl\/web\/wp-json\/wp\/v2\/users\/1"}],"replies":[{"embeddable":true,"href":"https:\/\/liceolosangeles.cl\/web\/wp-json\/wp\/v2\/comments?post=3030"}],"version-history":[{"count":1,"href":"https:\/\/liceolosangeles.cl\/web\/wp-json\/wp\/v2\/posts\/3030\/revisions"}],"predecessor-version":[{"id":3048,"href":"https:\/\/liceolosangeles.cl\/web\/wp-json\/wp\/v2\/posts\/3030\/revisions\/3048"}],"wp:featuredmedia":[{"embeddable":true,"href":"https:\/\/liceolosangeles.cl\/web\/wp-json\/wp\/v2\/media\/3031"}],"wp:attachment":[{"href":"https:\/\/liceolosangeles.cl\/web\/wp-json\/wp\/v2\/media?parent=3030"}],"wp:term":[{"taxonomy":"category","embeddable":true,"href":"https:\/\/liceolosangeles.cl\/web\/wp-json\/wp\/v2\/categories?post=3030"},{"taxonomy":"post_tag","embeddable":true,"href":"https:\/\/liceolosangeles.cl\/web\/wp-json\/wp\/v2\/tags?post=3030"}],"curies":[{"name":"wp","href":"https:\/\/api.w.org\/{rel}","templated":true}]}}