{"id":2977,"date":"2024-09-17T14:51:20","date_gmt":"2024-09-17T18:51:20","guid":{"rendered":"https:\/\/liceolosangeles.cl\/web\/?p=2977"},"modified":"2024-09-26T14:56:04","modified_gmt":"2024-09-26T18:56:04","slug":"fiestas-patrias-en-lbla-%f0%9f%87%a8%f0%9f%87%b1%f0%9f%8e%89","status":"publish","type":"post","link":"https:\/\/liceolosangeles.cl\/web\/2024\/09\/17\/fiestas-patrias-en-lbla-%f0%9f%87%a8%f0%9f%87%b1%f0%9f%8e%89\/","title":{"rendered":"FIESTAS PATRIAS EN LBLA \ud83c\udde8\ud83c\uddf1\ud83c\udf89"},"content":{"rendered":"<div dir=\"auto\">El d\u00eda martes 17 se llev\u00f3 a cabo las actividades de celebraci\u00f3n de Fiestas Patrias, en el cual participaron todos los integrantes de la comunidad educativa. Cantamos al ritmo de la cueca en voz de nuestros estudiantes y profesora de m\u00fasica, bailes t\u00edpicos por nuestros alumnos de taller folcl\u00f3rico y estudiantes de cuartos a\u00f1os medios.<\/div>\n<div dir=\"auto\">Un grato momento se vivi\u00f3 de compartir nuestras tradiciones tanto en canto, bailes y comida con los distintos stands con alimentos t\u00edpicos de estas fiestas.<\/div>\n<div dir=\"auto\">\u00a1VIVA CHILE! <span class=\"html-span xexx8yu x4uap5 x18d9i69 xkhd6sd x1hl2dhg x16tdsg8 x1vvkbs x3nfvp2 x1j61x8r x1fcty0u xdj266r xat24cr xgzva0m xhhsvwb xxymvpz xlup9mm x1kky2od\"><img loading=\"lazy\" decoding=\"async\" class=\"xz74otr\" src=\"https:\/\/static.xx.fbcdn.net\/images\/emoji.php\/v9\/tc4\/1\/16\/1f1e8_1f1f1.png\" alt=\"\ud83c\udde8\ud83c\uddf1\" width=\"16\" height=\"16\"><\/span><\/div>\n<div dir=\"auto\">ngg_shortcode_0_placeholder<\/p>\n<p style=\"text-align: center;\"><iframe loading=\"lazy\" style=\"border: none; overflow: hidden;\" src=\"https:\/\/www.facebook.com\/plugins\/video.php?height=476&amp;href=https%3A%2F%2Fwww.facebook.com%2FLiceoBicentenarioLosAngeles%2Fvideos%2F1521836775104366%2F&amp;show_text=false&amp;width=267&amp;t=0\" width=\"267\" height=\"476\" frameborder=\"0\" scrolling=\"no\" allowfullscreen=\"allowfullscreen\"><\/iframe>&nbsp;<\/p>\n<\/div>\n","protected":false},"excerpt":{"rendered":"<p>El d\u00eda martes 17 se llev\u00f3 a cabo las actividades de celebraci\u00f3n de Fiestas Patrias, en el cual participaron todos los integrantes de la comunidad educativa. Cantamos al ritmo de la cueca en voz de nuestros estudiantes y profesora de m\u00fasica, bailes t\u00edpicos por nuestros alumnos de taller folcl\u00f3rico y estudiantes de cuartos a\u00f1os medios. [&hellip;]<\/p>\n","protected":false},"author":1,"featured_media":3000,"comment_status":"closed","ping_status":"closed","sticky":false,"template":"","format":"standard","meta":{"ngg_post_thumbnail":0,"footnotes":""},"categories":[56],"tags":[],"class_list":["post-2977","post","type-post","status-publish","format-standard","has-post-thumbnail","hentry","category-actividades"],"rttpg_featured_image_url":{"full":["https:\/\/liceolosangeles.cl\/web\/wp-content\/uploads\/2024\/09\/461107247_967341701864299_7082835289589319941_n.jpg",1422,640,false],"landscape":["https:\/\/liceolosangeles.cl\/web\/wp-content\/uploads\/2024\/09\/461107247_967341701864299_7082835289589319941_n.jpg",1422,640,false],"portraits":["https:\/\/liceolosangeles.cl\/web\/wp-content\/uploads\/2024\/09\/461107247_967341701864299_7082835289589319941_n.jpg",1422,640,false],"thumbnail":["https:\/\/liceolosangeles.cl\/web\/wp-content\/uploads\/2024\/09\/461107247_967341701864299_7082835289589319941_n-150x150.jpg",150,150,true],"medium":["https:\/\/liceolosangeles.cl\/web\/wp-content\/uploads\/2024\/09\/461107247_967341701864299_7082835289589319941_n-300x135.jpg",300,135,true],"large":["https:\/\/liceolosangeles.cl\/web\/wp-content\/uploads\/2024\/09\/461107247_967341701864299_7082835289589319941_n-1024x461.jpg",640,288,true],"1536x1536":["https:\/\/liceolosangeles.cl\/web\/wp-content\/uploads\/2024\/09\/461107247_967341701864299_7082835289589319941_n.jpg",1422,640,false],"2048x2048":["https:\/\/liceolosangeles.cl\/web\/wp-content\/uploads\/2024\/09\/461107247_967341701864299_7082835289589319941_n.jpg",1422,640,false],"psacp-medium":["https:\/\/liceolosangeles.cl\/web\/wp-content\/uploads\/2024\/09\/461107247_967341701864299_7082835289589319941_n.jpg",500,225,false]},"rttpg_author":{"display_name":"admin","author_link":"https:\/\/liceolosangeles.cl\/web\/author\/admin\/"},"rttpg_comment":0,"rttpg_category":"<a href=\"https:\/\/liceolosangeles.cl\/web\/category\/actividades\/\" rel=\"category tag\">Actividades<\/a>","rttpg_excerpt":"El d\u00eda martes 17 se llev\u00f3 a cabo las actividades de celebraci\u00f3n de Fiestas Patrias, en el cual participaron todos los integrantes de la comunidad educativa. Cantamos al ritmo de la cueca en voz de nuestros estudiantes y profesora de m\u00fasica, bailes t\u00edpicos por nuestros alumnos de taller folcl\u00f3rico y estudiantes de cuartos a\u00f1os medios.&hellip;","_links":{"self":[{"href":"https:\/\/liceolosangeles.cl\/web\/wp-json\/wp\/v2\/posts\/2977","targetHints":{"allow":["GET"]}}],"collection":[{"href":"https:\/\/liceolosangeles.cl\/web\/wp-json\/wp\/v2\/posts"}],"about":[{"href":"https:\/\/liceolosangeles.cl\/web\/wp-json\/wp\/v2\/types\/post"}],"author":[{"embeddable":true,"href":"https:\/\/liceolosangeles.cl\/web\/wp-json\/wp\/v2\/users\/1"}],"replies":[{"embeddable":true,"href":"https:\/\/liceolosangeles.cl\/web\/wp-json\/wp\/v2\/comments?post=2977"}],"version-history":[{"count":3,"href":"https:\/\/liceolosangeles.cl\/web\/wp-json\/wp\/v2\/posts\/2977\/revisions"}],"predecessor-version":[{"id":3003,"href":"https:\/\/liceolosangeles.cl\/web\/wp-json\/wp\/v2\/posts\/2977\/revisions\/3003"}],"wp:featuredmedia":[{"embeddable":true,"href":"https:\/\/liceolosangeles.cl\/web\/wp-json\/wp\/v2\/media\/3000"}],"wp:attachment":[{"href":"https:\/\/liceolosangeles.cl\/web\/wp-json\/wp\/v2\/media?parent=2977"}],"wp:term":[{"taxonomy":"category","embeddable":true,"href":"https:\/\/liceolosangeles.cl\/web\/wp-json\/wp\/v2\/categories?post=2977"},{"taxonomy":"post_tag","embeddable":true,"href":"https:\/\/liceolosangeles.cl\/web\/wp-json\/wp\/v2\/tags?post=2977"}],"curies":[{"name":"wp","href":"https:\/\/api.w.org\/{rel}","templated":true}]}}