{"id":2952,"date":"2024-08-26T20:12:55","date_gmt":"2024-08-27T00:12:55","guid":{"rendered":"https:\/\/liceolosangeles.cl\/web\/?p=2952"},"modified":"2024-09-04T20:17:01","modified_gmt":"2024-09-05T00:17:01","slug":"competencia-regional-de-bandas","status":"publish","type":"post","link":"https:\/\/liceolosangeles.cl\/web\/2024\/08\/26\/competencia-regional-de-bandas\/","title":{"rendered":"Competencia Regional de Bandas de Gerra"},"content":{"rendered":"<div dir=\"auto\"><span class=\"html-span xexx8yu x4uap5 x18d9i69 xkhd6sd x1hl2dhg x16tdsg8 x1vvkbs x3nfvp2 x1j61x8r x1fcty0u xdj266r xat24cr xgzva0m xhhsvwb xxymvpz xlup9mm x1kky2od\"><img loading=\"lazy\" decoding=\"async\" class=\"xz74otr\" src=\"https:\/\/z-p3-static.xx.fbcdn.net\/images\/emoji.php\/v9\/tf4\/1\/16\/2728.png\" alt=\"\u2728\" width=\"16\" height=\"16\"><\/span> Como Comunidad Educativa nos sentimos orgullosos de la perseverancia y convicci\u00f3n de nuestra Banda de Guerra, la cual el pasado 12 de agosto en la comuna de Hualp\u00e9n se llev\u00f3 a cabo la Competencia Regional de Bandas de Guerra de la cual nuestra Banda obtuvo el PRIMER LUGAR y se prepara para competir en la esfera nacional en Santiago en el mes de septiembre. Felicitamos a nuestros estudiantes de diversos niveles, profesor, instructor y apoderados por su constancia, son un ejemplo a seguir. Desde ya les deseamos el mejor de los \u00e9xitos en m\u00e9rito de su esfuerzo y dedicaci\u00f3n <span class=\"html-span xexx8yu x4uap5 x18d9i69 xkhd6sd x1hl2dhg x16tdsg8 x1vvkbs x3nfvp2 x1j61x8r x1fcty0u xdj266r xat24cr xgzva0m xhhsvwb xxymvpz xlup9mm x1kky2od\"><img loading=\"lazy\" decoding=\"async\" class=\"xz74otr\" src=\"https:\/\/z-p3-static.xx.fbcdn.net\/images\/emoji.php\/v9\/tf4\/1\/16\/2728.png\" alt=\"\u2728\" width=\"16\" height=\"16\"><\/span><span class=\"html-span xexx8yu x4uap5 x18d9i69 xkhd6sd x1hl2dhg x16tdsg8 x1vvkbs x3nfvp2 x1j61x8r x1fcty0u xdj266r xat24cr xgzva0m xhhsvwb xxymvpz xlup9mm x1kky2od\"><img loading=\"lazy\" decoding=\"async\" class=\"xz74otr\" src=\"https:\/\/z-p3-static.xx.fbcdn.net\/images\/emoji.php\/v9\/ta\/1\/16\/1f981.png\" alt=\"\ud83e\udd81\" width=\"16\" height=\"16\"><\/span><\/div>\n<div dir=\"auto\"><span class=\"html-span xdj266r x11i5rnm xat24cr x1mh8g0r xexx8yu x4uap5 x18d9i69 xkhd6sd x1hl2dhg x16tdsg8 x1vvkbs\"><a class=\"x1i10hfl xjbqb8w x1ejq31n xd10rxx x1sy0etr x17r0tee x972fbf xcfux6l x1qhh985 xm0m39n x9f619 x1ypdohk xt0psk2 xe8uvvx xdj266r x11i5rnm xat24cr x1mh8g0r xexx8yu x4uap5 x18d9i69 xkhd6sd x16tdsg8 x1hl2dhg xggy1nq x1a2a7pz x1sur9pj xkrqix3 x1fey0fg xo1l8bm\" tabindex=\"0\" role=\"link\" href=\"https:\/\/web.facebook.com\/hashtag\/orgullodelleon?__eep__=6&amp;__cft__[0]=AZWYHVau0hZeCZj5YpFUZjUb3F3DVocPl_991YWSoGfkr2My97zNawmcO5FiHQ4YyzkdEur9FxtgfB6-2pPUyuJaZKzjClJEmP0IsOrcARFW5r0fqEDHHXkIQ0U8yW3qwPaYrsqucU4JF3G_pIIt_QZRc_uHnOomBdac7tKDjKeeq9-3Tx_0SJBUOLM4723-2YDZkMXYr7tyq8D21tC0pca_&amp;__tn__=*NK-R\">#orgullodelleon<\/a><\/span> <span class=\"html-span xdj266r x11i5rnm xat24cr x1mh8g0r xexx8yu x4uap5 x18d9i69 xkhd6sd x1hl2dhg x16tdsg8 x1vvkbs\"><a class=\"x1i10hfl xjbqb8w x1ejq31n xd10rxx x1sy0etr x17r0tee x972fbf xcfux6l x1qhh985 xm0m39n x9f619 x1ypdohk xt0psk2 xe8uvvx xdj266r x11i5rnm xat24cr x1mh8g0r xexx8yu x4uap5 x18d9i69 xkhd6sd x16tdsg8 x1hl2dhg xggy1nq x1a2a7pz x1sur9pj xkrqix3 x1fey0fg xo1l8bm\" tabindex=\"0\" role=\"link\" href=\"https:\/\/web.facebook.com\/hashtag\/bandadeguerralbla?__eep__=6&amp;__cft__[0]=AZWYHVau0hZeCZj5YpFUZjUb3F3DVocPl_991YWSoGfkr2My97zNawmcO5FiHQ4YyzkdEur9FxtgfB6-2pPUyuJaZKzjClJEmP0IsOrcARFW5r0fqEDHHXkIQ0U8yW3qwPaYrsqucU4JF3G_pIIt_QZRc_uHnOomBdac7tKDjKeeq9-3Tx_0SJBUOLM4723-2YDZkMXYr7tyq8D21tC0pca_&amp;__tn__=*NK-R\">#bandadeguerralbla<\/a><\/span> <span class=\"html-span xdj266r x11i5rnm xat24cr x1mh8g0r xexx8yu x4uap5 x18d9i69 xkhd6sd x1hl2dhg x16tdsg8 x1vvkbs\"><a class=\"x1i10hfl xjbqb8w x1ejq31n xd10rxx x1sy0etr x17r0tee x972fbf xcfux6l x1qhh985 xm0m39n x9f619 x1ypdohk xt0psk2 xe8uvvx xdj266r x11i5rnm xat24cr x1mh8g0r xexx8yu x4uap5 x18d9i69 xkhd6sd x16tdsg8 x1hl2dhg xggy1nq x1a2a7pz x1sur9pj xkrqix3 x1fey0fg xo1l8bm\" tabindex=\"0\" role=\"link\" href=\"https:\/\/web.facebook.com\/hashtag\/liceobicentenariolosangeles?__eep__=6&amp;__cft__[0]=AZWYHVau0hZeCZj5YpFUZjUb3F3DVocPl_991YWSoGfkr2My97zNawmcO5FiHQ4YyzkdEur9FxtgfB6-2pPUyuJaZKzjClJEmP0IsOrcARFW5r0fqEDHHXkIQ0U8yW3qwPaYrsqucU4JF3G_pIIt_QZRc_uHnOomBdac7tKDjKeeq9-3Tx_0SJBUOLM4723-2YDZkMXYr7tyq8D21tC0pca_&amp;__tn__=*NK-R\">#liceobicentenariolosangeles<\/a><\/span><\/div>\n<div dir=\"auto\">ngg_shortcode_0_placeholderLes dejamos un registro audiovisual de lo que fue la competencia regional de Bandas de Guerra <span class=\"html-span xexx8yu x4uap5 x18d9i69 xkhd6sd x1hl2dhg x16tdsg8 x1vvkbs x3nfvp2 x1j61x8r x1fcty0u xdj266r xat24cr xgzva0m xhhsvwb xxymvpz xlup9mm x1kky2od\"><img loading=\"lazy\" decoding=\"async\" class=\"xz74otr\" src=\"https:\/\/z-p3-static.xx.fbcdn.net\/images\/emoji.php\/v9\/tbe\/1\/16\/1f3c6.png\" alt=\"\ud83c\udfc6\" width=\"16\" height=\"16\"><\/span><span class=\"html-span xexx8yu x4uap5 x18d9i69 xkhd6sd x1hl2dhg x16tdsg8 x1vvkbs x3nfvp2 x1j61x8r x1fcty0u xdj266r xat24cr xgzva0m xhhsvwb xxymvpz xlup9mm x1kky2od\"><img loading=\"lazy\" decoding=\"async\" class=\"xz74otr\" src=\"https:\/\/z-p3-static.xx.fbcdn.net\/images\/emoji.php\/v9\/ta\/1\/16\/1f981.png\" alt=\"\ud83e\udd81\" width=\"16\" height=\"16\"><\/span><\/p>\n<p style=\"text-align: center;\"><iframe loading=\"lazy\" style=\"border: none; overflow: hidden;\" src=\"https:\/\/www.facebook.com\/plugins\/video.php?height=420&amp;href=https%3A%2F%2Fweb.facebook.com%2FLiceoBicentenarioLosAngeles%2Fvideos%2F496141099689042%2F&amp;show_text=false&amp;width=560&amp;t=0\" width=\"560\" height=\"420\" frameborder=\"0\" scrolling=\"no\" allowfullscreen=\"allowfullscreen\"><\/iframe>&nbsp;<\/p>\n<\/div>\n","protected":false},"excerpt":{"rendered":"<p>Como Comunidad Educativa nos sentimos orgullosos de la perseverancia y convicci\u00f3n de nuestra Banda de Guerra, la cual el pasado 12 de agosto en la comuna de Hualp\u00e9n se llev\u00f3 a cabo la Competencia Regional de Bandas de Guerra de la cual nuestra Banda obtuvo el PRIMER LUGAR y se prepara para competir en la [&hellip;]<\/p>\n","protected":false},"author":1,"featured_media":2958,"comment_status":"closed","ping_status":"closed","sticky":false,"template":"","format":"standard","meta":{"ngg_post_thumbnail":0,"footnotes":""},"categories":[56],"tags":[],"class_list":["post-2952","post","type-post","status-publish","format-standard","has-post-thumbnail","hentry","category-actividades"],"rttpg_featured_image_url":{"full":["https:\/\/liceolosangeles.cl\/web\/wp-content\/uploads\/2024\/09\/457215211_948310413767428_1898167312367106565_n.jpg",2048,1536,false],"landscape":["https:\/\/liceolosangeles.cl\/web\/wp-content\/uploads\/2024\/09\/457215211_948310413767428_1898167312367106565_n.jpg",2048,1536,false],"portraits":["https:\/\/liceolosangeles.cl\/web\/wp-content\/uploads\/2024\/09\/457215211_948310413767428_1898167312367106565_n.jpg",2048,1536,false],"thumbnail":["https:\/\/liceolosangeles.cl\/web\/wp-content\/uploads\/2024\/09\/457215211_948310413767428_1898167312367106565_n-150x150.jpg",150,150,true],"medium":["https:\/\/liceolosangeles.cl\/web\/wp-content\/uploads\/2024\/09\/457215211_948310413767428_1898167312367106565_n-300x225.jpg",300,225,true],"large":["https:\/\/liceolosangeles.cl\/web\/wp-content\/uploads\/2024\/09\/457215211_948310413767428_1898167312367106565_n-1024x768.jpg",640,480,true],"1536x1536":["https:\/\/liceolosangeles.cl\/web\/wp-content\/uploads\/2024\/09\/457215211_948310413767428_1898167312367106565_n-1536x1152.jpg",1536,1152,true],"2048x2048":["https:\/\/liceolosangeles.cl\/web\/wp-content\/uploads\/2024\/09\/457215211_948310413767428_1898167312367106565_n.jpg",2048,1536,false],"psacp-medium":["https:\/\/liceolosangeles.cl\/web\/wp-content\/uploads\/2024\/09\/457215211_948310413767428_1898167312367106565_n.jpg",500,375,false]},"rttpg_author":{"display_name":"admin","author_link":"https:\/\/liceolosangeles.cl\/web\/author\/admin\/"},"rttpg_comment":0,"rttpg_category":"<a href=\"https:\/\/liceolosangeles.cl\/web\/category\/actividades\/\" rel=\"category tag\">Actividades<\/a>","rttpg_excerpt":"Como Comunidad Educativa nos sentimos orgullosos de la perseverancia y convicci\u00f3n de nuestra Banda de Guerra, la cual el pasado 12 de agosto en la comuna de Hualp\u00e9n se llev\u00f3 a cabo la Competencia Regional de Bandas de Guerra de la cual nuestra Banda obtuvo el PRIMER LUGAR y se prepara para competir en la&hellip;","_links":{"self":[{"href":"https:\/\/liceolosangeles.cl\/web\/wp-json\/wp\/v2\/posts\/2952","targetHints":{"allow":["GET"]}}],"collection":[{"href":"https:\/\/liceolosangeles.cl\/web\/wp-json\/wp\/v2\/posts"}],"about":[{"href":"https:\/\/liceolosangeles.cl\/web\/wp-json\/wp\/v2\/types\/post"}],"author":[{"embeddable":true,"href":"https:\/\/liceolosangeles.cl\/web\/wp-json\/wp\/v2\/users\/1"}],"replies":[{"embeddable":true,"href":"https:\/\/liceolosangeles.cl\/web\/wp-json\/wp\/v2\/comments?post=2952"}],"version-history":[{"count":3,"href":"https:\/\/liceolosangeles.cl\/web\/wp-json\/wp\/v2\/posts\/2952\/revisions"}],"predecessor-version":[{"id":2961,"href":"https:\/\/liceolosangeles.cl\/web\/wp-json\/wp\/v2\/posts\/2952\/revisions\/2961"}],"wp:featuredmedia":[{"embeddable":true,"href":"https:\/\/liceolosangeles.cl\/web\/wp-json\/wp\/v2\/media\/2958"}],"wp:attachment":[{"href":"https:\/\/liceolosangeles.cl\/web\/wp-json\/wp\/v2\/media?parent=2952"}],"wp:term":[{"taxonomy":"category","embeddable":true,"href":"https:\/\/liceolosangeles.cl\/web\/wp-json\/wp\/v2\/categories?post=2952"},{"taxonomy":"post_tag","embeddable":true,"href":"https:\/\/liceolosangeles.cl\/web\/wp-json\/wp\/v2\/tags?post=2952"}],"curies":[{"name":"wp","href":"https:\/\/api.w.org\/{rel}","templated":true}]}}