{"id":2941,"date":"2024-08-26T20:09:07","date_gmt":"2024-08-27T00:09:07","guid":{"rendered":"https:\/\/liceolosangeles.cl\/web\/?p=2941"},"modified":"2024-09-04T20:12:22","modified_gmt":"2024-09-05T00:12:22","slug":"campeonato-comunal-de-cueca","status":"publish","type":"post","link":"https:\/\/liceolosangeles.cl\/web\/2024\/08\/26\/campeonato-comunal-de-cueca\/","title":{"rendered":"Campeonato Comunal de Cueca"},"content":{"rendered":"<p>El d\u00eda jueves 22 se llev\u00f3 a cabo el Campeonato Comunal de Cueca en las dependencias del Gimnasio Municipal, del cual nuestra pareja campeona obtuvo el Tercer Lugar Comunal en la categor\u00eda Ense\u00f1anza Media. Felicitamos a nuestros estudiantes Fernanda Ram\u00edrez del 1\u00baF y Agust\u00edn Anabalon del 1\u00baA por representarnos y estar dentro de los tres primeros lugares. Valoramos su dedicaci\u00f3n y esfuerzo en representar a nuestra comunidad educativa <span class=\"html-span xexx8yu x4uap5 x18d9i69 xkhd6sd x1hl2dhg x16tdsg8 x1vvkbs x3nfvp2 x1j61x8r x1fcty0u xdj266r xat24cr xgzva0m xhhsvwb xxymvpz xlup9mm x1kky2od\"><img loading=\"lazy\" decoding=\"async\" class=\"xz74otr\" src=\"https:\/\/z-p3-static.xx.fbcdn.net\/images\/emoji.php\/v9\/tb7\/1\/16\/1f917.png\" alt=\"\ud83e\udd17\" width=\"16\" height=\"16\"><\/span><\/p>\nngg_shortcode_0_placeholder\n","protected":false},"excerpt":{"rendered":"<p>El d\u00eda jueves 22 se llev\u00f3 a cabo el Campeonato Comunal de Cueca en las dependencias del Gimnasio Municipal, del cual nuestra pareja campeona obtuvo el Tercer Lugar Comunal en la categor\u00eda Ense\u00f1anza Media. Felicitamos a nuestros estudiantes Fernanda Ram\u00edrez del 1\u00baF y Agust\u00edn Anabalon del 1\u00baA por representarnos y estar dentro de los tres [&hellip;]<\/p>\n","protected":false},"author":1,"featured_media":2950,"comment_status":"closed","ping_status":"closed","sticky":false,"template":"","format":"standard","meta":{"ngg_post_thumbnail":0,"footnotes":""},"categories":[56],"tags":[],"class_list":["post-2941","post","type-post","status-publish","format-standard","has-post-thumbnail","hentry","category-actividades"],"rttpg_featured_image_url":{"full":["https:\/\/liceolosangeles.cl\/web\/wp-content\/uploads\/2024\/09\/457200072_948068840458252_4143079604282151128_n.jpg",1280,720,false],"landscape":["https:\/\/liceolosangeles.cl\/web\/wp-content\/uploads\/2024\/09\/457200072_948068840458252_4143079604282151128_n.jpg",1280,720,false],"portraits":["https:\/\/liceolosangeles.cl\/web\/wp-content\/uploads\/2024\/09\/457200072_948068840458252_4143079604282151128_n.jpg",1280,720,false],"thumbnail":["https:\/\/liceolosangeles.cl\/web\/wp-content\/uploads\/2024\/09\/457200072_948068840458252_4143079604282151128_n-150x150.jpg",150,150,true],"medium":["https:\/\/liceolosangeles.cl\/web\/wp-content\/uploads\/2024\/09\/457200072_948068840458252_4143079604282151128_n-300x169.jpg",300,169,true],"large":["https:\/\/liceolosangeles.cl\/web\/wp-content\/uploads\/2024\/09\/457200072_948068840458252_4143079604282151128_n-1024x576.jpg",640,360,true],"1536x1536":["https:\/\/liceolosangeles.cl\/web\/wp-content\/uploads\/2024\/09\/457200072_948068840458252_4143079604282151128_n.jpg",1280,720,false],"2048x2048":["https:\/\/liceolosangeles.cl\/web\/wp-content\/uploads\/2024\/09\/457200072_948068840458252_4143079604282151128_n.jpg",1280,720,false],"psacp-medium":["https:\/\/liceolosangeles.cl\/web\/wp-content\/uploads\/2024\/09\/457200072_948068840458252_4143079604282151128_n.jpg",500,281,false]},"rttpg_author":{"display_name":"admin","author_link":"https:\/\/liceolosangeles.cl\/web\/author\/admin\/"},"rttpg_comment":0,"rttpg_category":"<a href=\"https:\/\/liceolosangeles.cl\/web\/category\/actividades\/\" rel=\"category tag\">Actividades<\/a>","rttpg_excerpt":"El d\u00eda jueves 22 se llev\u00f3 a cabo el Campeonato Comunal de Cueca en las dependencias del Gimnasio Municipal, del cual nuestra pareja campeona obtuvo el Tercer Lugar Comunal en la categor\u00eda Ense\u00f1anza Media. Felicitamos a nuestros estudiantes Fernanda Ram\u00edrez del 1\u00baF y Agust\u00edn Anabalon del 1\u00baA por representarnos y estar dentro de los tres&hellip;","_links":{"self":[{"href":"https:\/\/liceolosangeles.cl\/web\/wp-json\/wp\/v2\/posts\/2941","targetHints":{"allow":["GET"]}}],"collection":[{"href":"https:\/\/liceolosangeles.cl\/web\/wp-json\/wp\/v2\/posts"}],"about":[{"href":"https:\/\/liceolosangeles.cl\/web\/wp-json\/wp\/v2\/types\/post"}],"author":[{"embeddable":true,"href":"https:\/\/liceolosangeles.cl\/web\/wp-json\/wp\/v2\/users\/1"}],"replies":[{"embeddable":true,"href":"https:\/\/liceolosangeles.cl\/web\/wp-json\/wp\/v2\/comments?post=2941"}],"version-history":[{"count":1,"href":"https:\/\/liceolosangeles.cl\/web\/wp-json\/wp\/v2\/posts\/2941\/revisions"}],"predecessor-version":[{"id":2951,"href":"https:\/\/liceolosangeles.cl\/web\/wp-json\/wp\/v2\/posts\/2941\/revisions\/2951"}],"wp:featuredmedia":[{"embeddable":true,"href":"https:\/\/liceolosangeles.cl\/web\/wp-json\/wp\/v2\/media\/2950"}],"wp:attachment":[{"href":"https:\/\/liceolosangeles.cl\/web\/wp-json\/wp\/v2\/media?parent=2941"}],"wp:term":[{"taxonomy":"category","embeddable":true,"href":"https:\/\/liceolosangeles.cl\/web\/wp-json\/wp\/v2\/categories?post=2941"},{"taxonomy":"post_tag","embeddable":true,"href":"https:\/\/liceolosangeles.cl\/web\/wp-json\/wp\/v2\/tags?post=2941"}],"curies":[{"name":"wp","href":"https:\/\/api.w.org\/{rel}","templated":true}]}}