{"id":2769,"date":"2024-05-30T09:08:26","date_gmt":"2024-05-30T13:08:26","guid":{"rendered":"https:\/\/liceolosangeles.cl\/web\/?p=2769"},"modified":"2024-06-05T09:12:42","modified_gmt":"2024-06-05T13:12:42","slug":"las-expresiones-artisticas-salen-a-la-calle","status":"publish","type":"post","link":"https:\/\/liceolosangeles.cl\/web\/2024\/05\/30\/las-expresiones-artisticas-salen-a-la-calle\/","title":{"rendered":"\u201cLas expresiones art\u00edsticas salen a la calle\u201d"},"content":{"rendered":"<div dir=\"auto\">El d\u00eda lunes 27 de mayo, se realiz\u00f3 la actividad comunal \u201clas expresiones art\u00edsticas salen a la calle\u201d realizada en la plaza de armas de nuestra ciudad.<\/div>\n<div dir=\"auto\">Nuestro establecimiento cont\u00f3 con la participaci\u00f3n del estudiante Rafael C\u00e1rcamo del 4B en una interpretaci\u00f3n como solista en piano, adem\u00e1s de nuestro reconocido team de baile que nos deleit\u00f3 con un mix de baile urbano <span class=\"html-span xexx8yu x4uap5 x18d9i69 xkhd6sd x1hl2dhg x16tdsg8 x1vvkbs x3nfvp2 x1j61x8r x1fcty0u xdj266r xat24cr xgzva0m xhhsvwb xxymvpz xlup9mm x1kky2od\"><img loading=\"lazy\" decoding=\"async\" class=\"xz74otr\" src=\"https:\/\/static.xx.fbcdn.net\/images\/emoji.php\/v9\/tf4\/1\/16\/2728.png\" alt=\"\u2728\" width=\"16\" height=\"16\"><\/span><\/div>\n<div dir=\"auto\" style=\"text-align: center;\">&nbsp;<iframe loading=\"lazy\" style=\"border: none; overflow: hidden;\" src=\"https:\/\/www.facebook.com\/plugins\/video.php?height=476&amp;href=https%3A%2F%2Fwww.facebook.com%2FLiceoBicentenarioLosAngeles%2Fvideos%2F805892161488092%2F&amp;show_text=false&amp;width=267&amp;t=0\" width=\"267\" height=\"476\" frameborder=\"0\" scrolling=\"no\" allowfullscreen=\"allowfullscreen\"><\/iframe>&nbsp;<\/div>\n","protected":false},"excerpt":{"rendered":"<p>El d\u00eda lunes 27 de mayo, se realiz\u00f3 la actividad comunal \u201clas expresiones art\u00edsticas salen a la calle\u201d realizada en la plaza de armas de nuestra ciudad. Nuestro establecimiento cont\u00f3 con la participaci\u00f3n del estudiante Rafael C\u00e1rcamo del 4B en una interpretaci\u00f3n como solista en piano, adem\u00e1s de nuestro reconocido team de baile que nos [&hellip;]<\/p>\n","protected":false},"author":1,"featured_media":2770,"comment_status":"closed","ping_status":"closed","sticky":false,"template":"","format":"standard","meta":{"ngg_post_thumbnail":0,"footnotes":""},"categories":[56],"tags":[],"class_list":["post-2769","post","type-post","status-publish","format-standard","has-post-thumbnail","hentry","category-actividades"],"rttpg_featured_image_url":{"full":["https:\/\/liceolosangeles.cl\/web\/wp-content\/uploads\/2024\/06\/446916483_895321865732950_4500069301530366139_n-1.jpg",526,701,false],"landscape":["https:\/\/liceolosangeles.cl\/web\/wp-content\/uploads\/2024\/06\/446916483_895321865732950_4500069301530366139_n-1.jpg",526,701,false],"portraits":["https:\/\/liceolosangeles.cl\/web\/wp-content\/uploads\/2024\/06\/446916483_895321865732950_4500069301530366139_n-1.jpg",526,701,false],"thumbnail":["https:\/\/liceolosangeles.cl\/web\/wp-content\/uploads\/2024\/06\/446916483_895321865732950_4500069301530366139_n-1-150x150.jpg",150,150,true],"medium":["https:\/\/liceolosangeles.cl\/web\/wp-content\/uploads\/2024\/06\/446916483_895321865732950_4500069301530366139_n-1-225x300.jpg",225,300,true],"large":["https:\/\/liceolosangeles.cl\/web\/wp-content\/uploads\/2024\/06\/446916483_895321865732950_4500069301530366139_n-1.jpg",526,701,false],"1536x1536":["https:\/\/liceolosangeles.cl\/web\/wp-content\/uploads\/2024\/06\/446916483_895321865732950_4500069301530366139_n-1.jpg",526,701,false],"2048x2048":["https:\/\/liceolosangeles.cl\/web\/wp-content\/uploads\/2024\/06\/446916483_895321865732950_4500069301530366139_n-1.jpg",526,701,false],"psacp-medium":["https:\/\/liceolosangeles.cl\/web\/wp-content\/uploads\/2024\/06\/446916483_895321865732950_4500069301530366139_n-1.jpg",375,500,false]},"rttpg_author":{"display_name":"admin","author_link":"https:\/\/liceolosangeles.cl\/web\/author\/admin\/"},"rttpg_comment":0,"rttpg_category":"<a href=\"https:\/\/liceolosangeles.cl\/web\/category\/actividades\/\" rel=\"category tag\">Actividades<\/a>","rttpg_excerpt":"El d\u00eda lunes 27 de mayo, se realiz\u00f3 la actividad comunal \u201clas expresiones art\u00edsticas salen a la calle\u201d realizada en la plaza de armas de nuestra ciudad. Nuestro establecimiento cont\u00f3 con la participaci\u00f3n del estudiante Rafael C\u00e1rcamo del 4B en una interpretaci\u00f3n como solista en piano, adem\u00e1s de nuestro reconocido team de baile que nos&hellip;","_links":{"self":[{"href":"https:\/\/liceolosangeles.cl\/web\/wp-json\/wp\/v2\/posts\/2769","targetHints":{"allow":["GET"]}}],"collection":[{"href":"https:\/\/liceolosangeles.cl\/web\/wp-json\/wp\/v2\/posts"}],"about":[{"href":"https:\/\/liceolosangeles.cl\/web\/wp-json\/wp\/v2\/types\/post"}],"author":[{"embeddable":true,"href":"https:\/\/liceolosangeles.cl\/web\/wp-json\/wp\/v2\/users\/1"}],"replies":[{"embeddable":true,"href":"https:\/\/liceolosangeles.cl\/web\/wp-json\/wp\/v2\/comments?post=2769"}],"version-history":[{"count":3,"href":"https:\/\/liceolosangeles.cl\/web\/wp-json\/wp\/v2\/posts\/2769\/revisions"}],"predecessor-version":[{"id":2774,"href":"https:\/\/liceolosangeles.cl\/web\/wp-json\/wp\/v2\/posts\/2769\/revisions\/2774"}],"wp:featuredmedia":[{"embeddable":true,"href":"https:\/\/liceolosangeles.cl\/web\/wp-json\/wp\/v2\/media\/2770"}],"wp:attachment":[{"href":"https:\/\/liceolosangeles.cl\/web\/wp-json\/wp\/v2\/media?parent=2769"}],"wp:term":[{"taxonomy":"category","embeddable":true,"href":"https:\/\/liceolosangeles.cl\/web\/wp-json\/wp\/v2\/categories?post=2769"},{"taxonomy":"post_tag","embeddable":true,"href":"https:\/\/liceolosangeles.cl\/web\/wp-json\/wp\/v2\/tags?post=2769"}],"curies":[{"name":"wp","href":"https:\/\/api.w.org\/{rel}","templated":true}]}}