{"id":2629,"date":"2024-04-23T08:51:45","date_gmt":"2024-04-23T12:51:45","guid":{"rendered":"https:\/\/liceolosangeles.cl\/web\/?p=2629"},"modified":"2024-05-06T08:53:31","modified_gmt":"2024-05-06T12:53:31","slug":"charla-en-conmemoracion-del-dia-internacional-de-la-madre-tierra","status":"publish","type":"post","link":"https:\/\/liceolosangeles.cl\/web\/2024\/04\/23\/charla-en-conmemoracion-del-dia-internacional-de-la-madre-tierra\/","title":{"rendered":"Charla en conmemoraci\u00f3n del D\u00eda Internacional de la Madre Tierra"},"content":{"rendered":"<div dir=\"auto\">Estudiantes de 3\u00b0 y 4\u00b0 de la Asignatura de profundizaci\u00f3n Biolog\u00eda Celular y molecular participaron en una charla en conmemoraci\u00f3n del D\u00eda Internacional de la Madre Tierra en el contexto de educaci\u00f3n medioambiental y de los objetivos de aprendizaje de las asignaturas del Plan de Formaci\u00f3n Diferenciada Cient\u00edfico &#8211; Humanista. Agradecemos la invitaci\u00f3n a la Delegaci\u00f3n Presidencial junto con la SEREMI de Medio Ambiente por esta bella actividad<\/div>\n<div dir=\"auto\"><a class=\"x1i10hfl xjbqb8w x1ejq31n xd10rxx x1sy0etr x17r0tee x972fbf xcfux6l x1qhh985 xm0m39n x9f619 x1ypdohk xt0psk2 xe8uvvx xdj266r x11i5rnm xat24cr x1mh8g0r xexx8yu x4uap5 x18d9i69 xkhd6sd x16tdsg8 xggy1nq x1a2a7pz xt0b8zv x1hl2dhg x1fey0fg xo1l8bm\" tabindex=\"0\" role=\"link\" href=\"https:\/\/www.facebook.com\/hashtag\/diadelatierra?__eep__=6&amp;__cft__[0]=AZW9FyD-FcYEa7TQwoK_4SOii7p7LLB7X0z0u-oWs-JQRNXNVqkwz4rbj8HxwF4oz0YK7Sz0iMPCIgyEGdMrlT_6pUwjG-oQ-lh3irddwv30-JKxb0UtKXvPpBzDKKDOXF_m8UaH6wrF2iOEkAP_TfXEzTQ12dwnVMLgQL-f1RE-5IjonAfn7gGRZfwdaQwKW9U8UgDE0V_wr-qa_gYMcoG3&amp;__tn__=*NK-R\">#diadelatierra<\/a> <a class=\"x1i10hfl xjbqb8w x1ejq31n xd10rxx x1sy0etr x17r0tee x972fbf xcfux6l x1qhh985 xm0m39n x9f619 x1ypdohk xt0psk2 xe8uvvx xdj266r x11i5rnm xat24cr x1mh8g0r xexx8yu x4uap5 x18d9i69 xkhd6sd x16tdsg8 xggy1nq x1a2a7pz xt0b8zv x1hl2dhg x1fey0fg xo1l8bm\" tabindex=\"0\" role=\"link\" href=\"https:\/\/www.facebook.com\/hashtag\/actividadeslbla?__eep__=6&amp;__cft__[0]=AZW9FyD-FcYEa7TQwoK_4SOii7p7LLB7X0z0u-oWs-JQRNXNVqkwz4rbj8HxwF4oz0YK7Sz0iMPCIgyEGdMrlT_6pUwjG-oQ-lh3irddwv30-JKxb0UtKXvPpBzDKKDOXF_m8UaH6wrF2iOEkAP_TfXEzTQ12dwnVMLgQL-f1RE-5IjonAfn7gGRZfwdaQwKW9U8UgDE0V_wr-qa_gYMcoG3&amp;__tn__=*NK-R\">#actividadeslbla<\/a><\/div>\n<div dir=\"auto\">ngg_shortcode_0_placeholder<\/div>\n","protected":false},"excerpt":{"rendered":"<p>Estudiantes de 3\u00b0 y 4\u00b0 de la Asignatura de profundizaci\u00f3n Biolog\u00eda Celular y molecular participaron en una charla en conmemoraci\u00f3n del D\u00eda Internacional de la Madre Tierra en el contexto de educaci\u00f3n medioambiental y de los objetivos de aprendizaje de las asignaturas del Plan de Formaci\u00f3n Diferenciada Cient\u00edfico &#8211; Humanista. Agradecemos la invitaci\u00f3n a la [&hellip;]<\/p>\n","protected":false},"author":1,"featured_media":2630,"comment_status":"closed","ping_status":"closed","sticky":false,"template":"","format":"standard","meta":{"ngg_post_thumbnail":0,"footnotes":""},"categories":[56],"tags":[],"class_list":["post-2629","post","type-post","status-publish","format-standard","has-post-thumbnail","hentry","category-actividades"],"rttpg_featured_image_url":{"full":["https:\/\/liceolosangeles.cl\/web\/wp-content\/uploads\/2024\/05\/439581518_873324847932652_5692926055145774266_n.jpg",1200,1600,false],"landscape":["https:\/\/liceolosangeles.cl\/web\/wp-content\/uploads\/2024\/05\/439581518_873324847932652_5692926055145774266_n.jpg",1200,1600,false],"portraits":["https:\/\/liceolosangeles.cl\/web\/wp-content\/uploads\/2024\/05\/439581518_873324847932652_5692926055145774266_n.jpg",1200,1600,false],"thumbnail":["https:\/\/liceolosangeles.cl\/web\/wp-content\/uploads\/2024\/05\/439581518_873324847932652_5692926055145774266_n-150x150.jpg",150,150,true],"medium":["https:\/\/liceolosangeles.cl\/web\/wp-content\/uploads\/2024\/05\/439581518_873324847932652_5692926055145774266_n-225x300.jpg",225,300,true],"large":["https:\/\/liceolosangeles.cl\/web\/wp-content\/uploads\/2024\/05\/439581518_873324847932652_5692926055145774266_n-768x1024.jpg",640,853,true],"1536x1536":["https:\/\/liceolosangeles.cl\/web\/wp-content\/uploads\/2024\/05\/439581518_873324847932652_5692926055145774266_n-1152x1536.jpg",1152,1536,true],"2048x2048":["https:\/\/liceolosangeles.cl\/web\/wp-content\/uploads\/2024\/05\/439581518_873324847932652_5692926055145774266_n.jpg",1200,1600,false],"psacp-medium":["https:\/\/liceolosangeles.cl\/web\/wp-content\/uploads\/2024\/05\/439581518_873324847932652_5692926055145774266_n.jpg",375,500,false]},"rttpg_author":{"display_name":"admin","author_link":"https:\/\/liceolosangeles.cl\/web\/author\/admin\/"},"rttpg_comment":0,"rttpg_category":"<a href=\"https:\/\/liceolosangeles.cl\/web\/category\/actividades\/\" rel=\"category tag\">Actividades<\/a>","rttpg_excerpt":"Estudiantes de 3\u00b0 y 4\u00b0 de la Asignatura de profundizaci\u00f3n Biolog\u00eda Celular y molecular participaron en una charla en conmemoraci\u00f3n del D\u00eda Internacional de la Madre Tierra en el contexto de educaci\u00f3n medioambiental y de los objetivos de aprendizaje de las asignaturas del Plan de Formaci\u00f3n Diferenciada Cient\u00edfico &#8211; Humanista. Agradecemos la invitaci\u00f3n a la&hellip;","_links":{"self":[{"href":"https:\/\/liceolosangeles.cl\/web\/wp-json\/wp\/v2\/posts\/2629","targetHints":{"allow":["GET"]}}],"collection":[{"href":"https:\/\/liceolosangeles.cl\/web\/wp-json\/wp\/v2\/posts"}],"about":[{"href":"https:\/\/liceolosangeles.cl\/web\/wp-json\/wp\/v2\/types\/post"}],"author":[{"embeddable":true,"href":"https:\/\/liceolosangeles.cl\/web\/wp-json\/wp\/v2\/users\/1"}],"replies":[{"embeddable":true,"href":"https:\/\/liceolosangeles.cl\/web\/wp-json\/wp\/v2\/comments?post=2629"}],"version-history":[{"count":1,"href":"https:\/\/liceolosangeles.cl\/web\/wp-json\/wp\/v2\/posts\/2629\/revisions"}],"predecessor-version":[{"id":2637,"href":"https:\/\/liceolosangeles.cl\/web\/wp-json\/wp\/v2\/posts\/2629\/revisions\/2637"}],"wp:featuredmedia":[{"embeddable":true,"href":"https:\/\/liceolosangeles.cl\/web\/wp-json\/wp\/v2\/media\/2630"}],"wp:attachment":[{"href":"https:\/\/liceolosangeles.cl\/web\/wp-json\/wp\/v2\/media?parent=2629"}],"wp:term":[{"taxonomy":"category","embeddable":true,"href":"https:\/\/liceolosangeles.cl\/web\/wp-json\/wp\/v2\/categories?post=2629"},{"taxonomy":"post_tag","embeddable":true,"href":"https:\/\/liceolosangeles.cl\/web\/wp-json\/wp\/v2\/tags?post=2629"}],"curies":[{"name":"wp","href":"https:\/\/api.w.org\/{rel}","templated":true}]}}