{"id":2543,"date":"2024-04-02T13:54:25","date_gmt":"2024-04-02T17:54:25","guid":{"rendered":"https:\/\/liceolosangeles.cl\/web\/?p=2543"},"modified":"2024-04-04T13:56:39","modified_gmt":"2024-04-04T17:56:39","slug":"actividades-vocalia-de-genero","status":"publish","type":"post","link":"https:\/\/liceolosangeles.cl\/web\/2024\/04\/02\/actividades-vocalia-de-genero\/","title":{"rendered":"Actividades  Vocal\u00eda de Genero"},"content":{"rendered":"<div dir=\"auto\">El d\u00eda de hoy se llevaron a cabo algunas actividades por parte de la Vocal\u00eda de Genero de nuestro establecimiento, en conmemoraci\u00f3n del D\u00eda Internacional de la visibilidad TRANS<\/div>\n<div dir=\"auto\"><a class=\"x1i10hfl xjbqb8w x1ejq31n xd10rxx x1sy0etr x17r0tee x972fbf xcfux6l x1qhh985 xm0m39n x9f619 x1ypdohk xt0psk2 xe8uvvx xdj266r x11i5rnm xat24cr x1mh8g0r xexx8yu x4uap5 x18d9i69 xkhd6sd x16tdsg8 x1hl2dhg xggy1nq x1a2a7pz xt0b8zv x1fey0fg xo1l8bm\" tabindex=\"0\" role=\"link\" href=\"https:\/\/www.facebook.com\/hashtag\/elliceolohacemostodos?__eep__=6&amp;__cft__[0]=AZWRvMd-3kN-H2QTxIItdmtnD8o7Rt3e0R4em0u3uGh3uzA5hgRXWZeVtfqf6JYDJ7Q842KcAVfCFkFiZRT1G4_SQ4MeG-djBx647cbFekz7MPAU0cNJ9ZEi0IVfbopJtQ7kg8pJ3et9dJuj0qkQgpfJWusBTqJ3f0kcbY328y1Ttds-IZs-oL1CX4myu11Pvto&amp;__tn__=*NK-R\">#elliceolohacemostodos<\/a> <a class=\"x1i10hfl xjbqb8w x1ejq31n xd10rxx x1sy0etr x17r0tee x972fbf xcfux6l x1qhh985 xm0m39n x9f619 x1ypdohk xt0psk2 xe8uvvx xdj266r x11i5rnm xat24cr x1mh8g0r xexx8yu x4uap5 x18d9i69 xkhd6sd x16tdsg8 x1hl2dhg xggy1nq x1a2a7pz xt0b8zv x1fey0fg xo1l8bm\" tabindex=\"0\" role=\"link\" href=\"https:\/\/www.facebook.com\/hashtag\/vogesexlbla?__eep__=6&amp;__cft__[0]=AZWRvMd-3kN-H2QTxIItdmtnD8o7Rt3e0R4em0u3uGh3uzA5hgRXWZeVtfqf6JYDJ7Q842KcAVfCFkFiZRT1G4_SQ4MeG-djBx647cbFekz7MPAU0cNJ9ZEi0IVfbopJtQ7kg8pJ3et9dJuj0qkQgpfJWusBTqJ3f0kcbY328y1Ttds-IZs-oL1CX4myu11Pvto&amp;__tn__=*NK-R\">#vogesexlbla<\/a><\/div>\n<div dir=\"auto\">ngg_shortcode_0_placeholder<\/div>\n<div dir=\"auto\">&nbsp;<\/div>\n","protected":false},"excerpt":{"rendered":"<p>El d\u00eda de hoy se llevaron a cabo algunas actividades por parte de la Vocal\u00eda de Genero de nuestro establecimiento, en conmemoraci\u00f3n del D\u00eda Internacional de la visibilidad TRANS #elliceolohacemostodos #vogesexlbla &nbsp;<\/p>\n","protected":false},"author":1,"featured_media":2544,"comment_status":"closed","ping_status":"closed","sticky":false,"template":"","format":"standard","meta":{"ngg_post_thumbnail":0,"footnotes":""},"categories":[56],"tags":[],"class_list":["post-2543","post","type-post","status-publish","format-standard","has-post-thumbnail","hentry","category-actividades"],"rttpg_featured_image_url":{"full":["https:\/\/liceolosangeles.cl\/web\/wp-content\/uploads\/2024\/04\/434647581_861064572492013_4385035639668270461_n.jpg",2048,1536,false],"landscape":["https:\/\/liceolosangeles.cl\/web\/wp-content\/uploads\/2024\/04\/434647581_861064572492013_4385035639668270461_n.jpg",2048,1536,false],"portraits":["https:\/\/liceolosangeles.cl\/web\/wp-content\/uploads\/2024\/04\/434647581_861064572492013_4385035639668270461_n.jpg",2048,1536,false],"thumbnail":["https:\/\/liceolosangeles.cl\/web\/wp-content\/uploads\/2024\/04\/434647581_861064572492013_4385035639668270461_n-150x150.jpg",150,150,true],"medium":["https:\/\/liceolosangeles.cl\/web\/wp-content\/uploads\/2024\/04\/434647581_861064572492013_4385035639668270461_n-300x225.jpg",300,225,true],"large":["https:\/\/liceolosangeles.cl\/web\/wp-content\/uploads\/2024\/04\/434647581_861064572492013_4385035639668270461_n-1024x768.jpg",640,480,true],"1536x1536":["https:\/\/liceolosangeles.cl\/web\/wp-content\/uploads\/2024\/04\/434647581_861064572492013_4385035639668270461_n-1536x1152.jpg",1536,1152,true],"2048x2048":["https:\/\/liceolosangeles.cl\/web\/wp-content\/uploads\/2024\/04\/434647581_861064572492013_4385035639668270461_n.jpg",2048,1536,false],"psacp-medium":["https:\/\/liceolosangeles.cl\/web\/wp-content\/uploads\/2024\/04\/434647581_861064572492013_4385035639668270461_n.jpg",500,375,false]},"rttpg_author":{"display_name":"admin","author_link":"https:\/\/liceolosangeles.cl\/web\/author\/admin\/"},"rttpg_comment":0,"rttpg_category":"<a href=\"https:\/\/liceolosangeles.cl\/web\/category\/actividades\/\" rel=\"category tag\">Actividades<\/a>","rttpg_excerpt":"El d\u00eda de hoy se llevaron a cabo algunas actividades por parte de la Vocal\u00eda de Genero de nuestro establecimiento, en conmemoraci\u00f3n del D\u00eda Internacional de la visibilidad TRANS #elliceolohacemostodos #vogesexlbla &nbsp;","_links":{"self":[{"href":"https:\/\/liceolosangeles.cl\/web\/wp-json\/wp\/v2\/posts\/2543","targetHints":{"allow":["GET"]}}],"collection":[{"href":"https:\/\/liceolosangeles.cl\/web\/wp-json\/wp\/v2\/posts"}],"about":[{"href":"https:\/\/liceolosangeles.cl\/web\/wp-json\/wp\/v2\/types\/post"}],"author":[{"embeddable":true,"href":"https:\/\/liceolosangeles.cl\/web\/wp-json\/wp\/v2\/users\/1"}],"replies":[{"embeddable":true,"href":"https:\/\/liceolosangeles.cl\/web\/wp-json\/wp\/v2\/comments?post=2543"}],"version-history":[{"count":1,"href":"https:\/\/liceolosangeles.cl\/web\/wp-json\/wp\/v2\/posts\/2543\/revisions"}],"predecessor-version":[{"id":2550,"href":"https:\/\/liceolosangeles.cl\/web\/wp-json\/wp\/v2\/posts\/2543\/revisions\/2550"}],"wp:featuredmedia":[{"embeddable":true,"href":"https:\/\/liceolosangeles.cl\/web\/wp-json\/wp\/v2\/media\/2544"}],"wp:attachment":[{"href":"https:\/\/liceolosangeles.cl\/web\/wp-json\/wp\/v2\/media?parent=2543"}],"wp:term":[{"taxonomy":"category","embeddable":true,"href":"https:\/\/liceolosangeles.cl\/web\/wp-json\/wp\/v2\/categories?post=2543"},{"taxonomy":"post_tag","embeddable":true,"href":"https:\/\/liceolosangeles.cl\/web\/wp-json\/wp\/v2\/tags?post=2543"}],"curies":[{"name":"wp","href":"https:\/\/api.w.org\/{rel}","templated":true}]}}