{"id":1850,"date":"2023-09-27T11:20:40","date_gmt":"2023-09-27T15:20:40","guid":{"rendered":"https:\/\/liceolosangeles.cl\/web\/?p=1850"},"modified":"2023-10-06T11:22:58","modified_gmt":"2023-10-06T15:22:58","slug":"%e2%9c%a8charla-informativa-taller-interculturalidad","status":"publish","type":"post","link":"https:\/\/liceolosangeles.cl\/web\/2023\/09\/27\/%e2%9c%a8charla-informativa-taller-interculturalidad\/","title":{"rendered":"\u2728Charla informativa taller interculturalidad."},"content":{"rendered":"<div dir=\"auto\">El d\u00eda de hoy se llev\u00f3 a cabo una charla informativa taller interculturalidad (taller de manualidades) sobre<\/div>\n<div dir=\"auto\">Artesan\u00eda, manualidades y producci\u00f3n local.<\/div>\n<div dir=\"auto\">La expositora sra. Fresia Valdebenito fundadora agrupaci\u00f3n Espacio Arte Sano de la comuna de Los \u00c1ngeles.<\/div>\n<div dir=\"auto\"><a class=\"x1i10hfl xjbqb8w x6umtig x1b1mbwd xaqea5y xav7gou x9f619 x1ypdohk xt0psk2 xe8uvvx xdj266r x11i5rnm xat24cr x1mh8g0r xexx8yu x4uap5 x18d9i69 xkhd6sd x16tdsg8 x1hl2dhg xggy1nq x1a2a7pz xt0b8zv x1qq9wsj xo1l8bm\" tabindex=\"0\" role=\"link\" href=\"https:\/\/www.facebook.com\/hashtag\/liceobicentenariolosangeles?__eep__=6&amp;__cft__[0]=AZXsRBdlnkqmPKj91C8EZAyXRZfEZ8RkFJ2-wzJwC1md3dJfl4V1HIrpH7p-nPA_9zJG-FIS_Lw-HIMnbQ3WIPlHBnIRlPADaFDr7pZNpn390hgFw98s6bnDLgK7a3IqYKixbMrTsMYekhIeKYvuGhftsL6mlceQLGY9fjcKUNeslpsummFEp5K24L16nXhJHZU&amp;__tn__=*NK-R\">#liceobicentenariolosangeles<\/a> <a class=\"x1i10hfl xjbqb8w x6umtig x1b1mbwd xaqea5y xav7gou x9f619 x1ypdohk xt0psk2 xe8uvvx xdj266r x11i5rnm xat24cr x1mh8g0r xexx8yu x4uap5 x18d9i69 xkhd6sd x16tdsg8 x1hl2dhg xggy1nq x1a2a7pz xt0b8zv x1qq9wsj xo1l8bm\" tabindex=\"0\" role=\"link\" href=\"https:\/\/www.facebook.com\/hashtag\/actividadeslbla?__eep__=6&amp;__cft__[0]=AZXsRBdlnkqmPKj91C8EZAyXRZfEZ8RkFJ2-wzJwC1md3dJfl4V1HIrpH7p-nPA_9zJG-FIS_Lw-HIMnbQ3WIPlHBnIRlPADaFDr7pZNpn390hgFw98s6bnDLgK7a3IqYKixbMrTsMYekhIeKYvuGhftsL6mlceQLGY9fjcKUNeslpsummFEp5K24L16nXhJHZU&amp;__tn__=*NK-R\">#actividadeslbla<\/a><\/div>\n<div dir=\"auto\">ngg_shortcode_0_placeholder<\/div>\n","protected":false},"excerpt":{"rendered":"<p>El d\u00eda de hoy se llev\u00f3 a cabo una charla informativa taller interculturalidad (taller de manualidades) sobre Artesan\u00eda, manualidades y producci\u00f3n local. La expositora sra. Fresia Valdebenito fundadora agrupaci\u00f3n Espacio Arte Sano de la comuna de Los \u00c1ngeles. #liceobicentenariolosangeles #actividadeslbla<\/p>\n","protected":false},"author":1,"featured_media":1851,"comment_status":"closed","ping_status":"closed","sticky":false,"template":"","format":"standard","meta":{"ngg_post_thumbnail":0,"footnotes":""},"categories":[56],"tags":[],"class_list":["post-1850","post","type-post","status-publish","format-standard","has-post-thumbnail","hentry","category-actividades"],"rttpg_featured_image_url":{"full":["https:\/\/liceolosangeles.cl\/web\/wp-content\/uploads\/2023\/10\/384988470_759217656010039_589418895341072390_n.jpg",1080,1080,false],"landscape":["https:\/\/liceolosangeles.cl\/web\/wp-content\/uploads\/2023\/10\/384988470_759217656010039_589418895341072390_n.jpg",1080,1080,false],"portraits":["https:\/\/liceolosangeles.cl\/web\/wp-content\/uploads\/2023\/10\/384988470_759217656010039_589418895341072390_n.jpg",1080,1080,false],"thumbnail":["https:\/\/liceolosangeles.cl\/web\/wp-content\/uploads\/2023\/10\/384988470_759217656010039_589418895341072390_n-150x150.jpg",150,150,true],"medium":["https:\/\/liceolosangeles.cl\/web\/wp-content\/uploads\/2023\/10\/384988470_759217656010039_589418895341072390_n-300x300.jpg",300,300,true],"large":["https:\/\/liceolosangeles.cl\/web\/wp-content\/uploads\/2023\/10\/384988470_759217656010039_589418895341072390_n-1024x1024.jpg",640,640,true],"1536x1536":["https:\/\/liceolosangeles.cl\/web\/wp-content\/uploads\/2023\/10\/384988470_759217656010039_589418895341072390_n.jpg",1080,1080,false],"2048x2048":["https:\/\/liceolosangeles.cl\/web\/wp-content\/uploads\/2023\/10\/384988470_759217656010039_589418895341072390_n.jpg",1080,1080,false],"psacp-medium":["https:\/\/liceolosangeles.cl\/web\/wp-content\/uploads\/2023\/10\/384988470_759217656010039_589418895341072390_n.jpg",500,500,false]},"rttpg_author":{"display_name":"admin","author_link":"https:\/\/liceolosangeles.cl\/web\/author\/admin\/"},"rttpg_comment":0,"rttpg_category":"<a href=\"https:\/\/liceolosangeles.cl\/web\/category\/actividades\/\" rel=\"category tag\">Actividades<\/a>","rttpg_excerpt":"El d\u00eda de hoy se llev\u00f3 a cabo una charla informativa taller interculturalidad (taller de manualidades) sobre Artesan\u00eda, manualidades y producci\u00f3n local. La expositora sra. Fresia Valdebenito fundadora agrupaci\u00f3n Espacio Arte Sano de la comuna de Los \u00c1ngeles. #liceobicentenariolosangeles #actividadeslbla","_links":{"self":[{"href":"https:\/\/liceolosangeles.cl\/web\/wp-json\/wp\/v2\/posts\/1850","targetHints":{"allow":["GET"]}}],"collection":[{"href":"https:\/\/liceolosangeles.cl\/web\/wp-json\/wp\/v2\/posts"}],"about":[{"href":"https:\/\/liceolosangeles.cl\/web\/wp-json\/wp\/v2\/types\/post"}],"author":[{"embeddable":true,"href":"https:\/\/liceolosangeles.cl\/web\/wp-json\/wp\/v2\/users\/1"}],"replies":[{"embeddable":true,"href":"https:\/\/liceolosangeles.cl\/web\/wp-json\/wp\/v2\/comments?post=1850"}],"version-history":[{"count":1,"href":"https:\/\/liceolosangeles.cl\/web\/wp-json\/wp\/v2\/posts\/1850\/revisions"}],"predecessor-version":[{"id":1852,"href":"https:\/\/liceolosangeles.cl\/web\/wp-json\/wp\/v2\/posts\/1850\/revisions\/1852"}],"wp:featuredmedia":[{"embeddable":true,"href":"https:\/\/liceolosangeles.cl\/web\/wp-json\/wp\/v2\/media\/1851"}],"wp:attachment":[{"href":"https:\/\/liceolosangeles.cl\/web\/wp-json\/wp\/v2\/media?parent=1850"}],"wp:term":[{"taxonomy":"category","embeddable":true,"href":"https:\/\/liceolosangeles.cl\/web\/wp-json\/wp\/v2\/categories?post=1850"},{"taxonomy":"post_tag","embeddable":true,"href":"https:\/\/liceolosangeles.cl\/web\/wp-json\/wp\/v2\/tags?post=1850"}],"curies":[{"name":"wp","href":"https:\/\/api.w.org\/{rel}","templated":true}]}}