{"id":1843,"date":"2023-09-25T11:18:06","date_gmt":"2023-09-25T15:18:06","guid":{"rendered":"https:\/\/liceolosangeles.cl\/web\/?p=1843"},"modified":"2023-10-06T11:19:11","modified_gmt":"2023-10-06T15:19:11","slug":"%e2%9c%a8charla-de-responsabilidad-penal-adolescente","status":"publish","type":"post","link":"https:\/\/liceolosangeles.cl\/web\/2023\/09\/25\/%e2%9c%a8charla-de-responsabilidad-penal-adolescente\/","title":{"rendered":"\u2728Charla de Responsabilidad Penal Adolescente"},"content":{"rendered":"<p>Charla de Responsabilidad Penal Adolescente para estudiantes Pro-retenci\u00f3n de s\u00e9ptimo y octavo a\u00f1o b\u00e1sico, organizado por la triada Pro-retenci\u00f3n y dictada por Catalina Garret\u00f3n Ch\u00e1vez, Licenciada en Ciencias Jur\u00eddicas y Constanza Quezada Valdebenito Egresada de Derecho<br \/>\n#liceobicentenariolosangeles #actividades.<\/p>\nngg_shortcode_0_placeholder\n","protected":false},"excerpt":{"rendered":"<p>Charla de Responsabilidad Penal Adolescente para estudiantes Pro-retenci\u00f3n de s\u00e9ptimo y octavo a\u00f1o b\u00e1sico, organizado por la triada Pro-retenci\u00f3n y dictada por Catalina Garret\u00f3n Ch\u00e1vez, Licenciada en Ciencias Jur\u00eddicas y Constanza Quezada Valdebenito Egresada de Derecho #liceobicentenariolosangeles #actividades.<\/p>\n","protected":false},"author":1,"featured_media":1844,"comment_status":"closed","ping_status":"closed","sticky":false,"template":"","format":"standard","meta":{"ngg_post_thumbnail":0,"footnotes":""},"categories":[56],"tags":[],"class_list":["post-1843","post","type-post","status-publish","format-standard","has-post-thumbnail","hentry","category-actividades"],"rttpg_featured_image_url":{"full":["https:\/\/liceolosangeles.cl\/web\/wp-content\/uploads\/2023\/10\/382466329_757944002804071_1698937204007809787_n.jpg",720,720,false],"landscape":["https:\/\/liceolosangeles.cl\/web\/wp-content\/uploads\/2023\/10\/382466329_757944002804071_1698937204007809787_n.jpg",720,720,false],"portraits":["https:\/\/liceolosangeles.cl\/web\/wp-content\/uploads\/2023\/10\/382466329_757944002804071_1698937204007809787_n.jpg",720,720,false],"thumbnail":["https:\/\/liceolosangeles.cl\/web\/wp-content\/uploads\/2023\/10\/382466329_757944002804071_1698937204007809787_n-150x150.jpg",150,150,true],"medium":["https:\/\/liceolosangeles.cl\/web\/wp-content\/uploads\/2023\/10\/382466329_757944002804071_1698937204007809787_n-300x300.jpg",300,300,true],"large":["https:\/\/liceolosangeles.cl\/web\/wp-content\/uploads\/2023\/10\/382466329_757944002804071_1698937204007809787_n.jpg",640,640,false],"1536x1536":["https:\/\/liceolosangeles.cl\/web\/wp-content\/uploads\/2023\/10\/382466329_757944002804071_1698937204007809787_n.jpg",720,720,false],"2048x2048":["https:\/\/liceolosangeles.cl\/web\/wp-content\/uploads\/2023\/10\/382466329_757944002804071_1698937204007809787_n.jpg",720,720,false],"psacp-medium":["https:\/\/liceolosangeles.cl\/web\/wp-content\/uploads\/2023\/10\/382466329_757944002804071_1698937204007809787_n.jpg",500,500,false]},"rttpg_author":{"display_name":"admin","author_link":"https:\/\/liceolosangeles.cl\/web\/author\/admin\/"},"rttpg_comment":0,"rttpg_category":"<a href=\"https:\/\/liceolosangeles.cl\/web\/category\/actividades\/\" rel=\"category tag\">Actividades<\/a>","rttpg_excerpt":"Charla de Responsabilidad Penal Adolescente para estudiantes Pro-retenci\u00f3n de s\u00e9ptimo y octavo a\u00f1o b\u00e1sico, organizado por la triada Pro-retenci\u00f3n y dictada por Catalina Garret\u00f3n Ch\u00e1vez, Licenciada en Ciencias Jur\u00eddicas y Constanza Quezada Valdebenito Egresada de Derecho #liceobicentenariolosangeles #actividades.","_links":{"self":[{"href":"https:\/\/liceolosangeles.cl\/web\/wp-json\/wp\/v2\/posts\/1843","targetHints":{"allow":["GET"]}}],"collection":[{"href":"https:\/\/liceolosangeles.cl\/web\/wp-json\/wp\/v2\/posts"}],"about":[{"href":"https:\/\/liceolosangeles.cl\/web\/wp-json\/wp\/v2\/types\/post"}],"author":[{"embeddable":true,"href":"https:\/\/liceolosangeles.cl\/web\/wp-json\/wp\/v2\/users\/1"}],"replies":[{"embeddable":true,"href":"https:\/\/liceolosangeles.cl\/web\/wp-json\/wp\/v2\/comments?post=1843"}],"version-history":[{"count":1,"href":"https:\/\/liceolosangeles.cl\/web\/wp-json\/wp\/v2\/posts\/1843\/revisions"}],"predecessor-version":[{"id":1845,"href":"https:\/\/liceolosangeles.cl\/web\/wp-json\/wp\/v2\/posts\/1843\/revisions\/1845"}],"wp:featuredmedia":[{"embeddable":true,"href":"https:\/\/liceolosangeles.cl\/web\/wp-json\/wp\/v2\/media\/1844"}],"wp:attachment":[{"href":"https:\/\/liceolosangeles.cl\/web\/wp-json\/wp\/v2\/media?parent=1843"}],"wp:term":[{"taxonomy":"category","embeddable":true,"href":"https:\/\/liceolosangeles.cl\/web\/wp-json\/wp\/v2\/categories?post=1843"},{"taxonomy":"post_tag","embeddable":true,"href":"https:\/\/liceolosangeles.cl\/web\/wp-json\/wp\/v2\/tags?post=1843"}],"curies":[{"name":"wp","href":"https:\/\/api.w.org\/{rel}","templated":true}]}}