{"id":1590,"date":"2023-08-29T10:18:07","date_gmt":"2023-08-29T14:18:07","guid":{"rendered":"https:\/\/liceolosangeles.cl\/web\/?p=1590"},"modified":"2023-09-01T10:21:12","modified_gmt":"2023-09-01T14:21:12","slug":"actividad-seremi-medio-ambiente","status":"publish","type":"post","link":"https:\/\/liceolosangeles.cl\/web\/2023\/08\/29\/actividad-seremi-medio-ambiente\/","title":{"rendered":"Actividad SEREMI Medio Ambiente"},"content":{"rendered":"<p>El pasado d\u00eda jueves 24, en las dependencias de nuestro establecimiento se llev\u00f3 a cabo la actividad del SEREMI de Medio Ambiente de la Regi\u00f3n del B\u00edo-B\u00edo don Oscar Reicher, titulada \u00abLanzamiento del XXVII Concurso del Fondo de Protecci\u00f3n Ambiental FPA-2024\u00bb, contando con la participaci\u00f3n de diversos establecimientos educacionales de la provincia del Bio-Bio.<\/p>\nngg_shortcode_0_placeholder\n","protected":false},"excerpt":{"rendered":"<p>El pasado d\u00eda jueves 24, en las dependencias de nuestro establecimiento se llev\u00f3 a cabo la actividad del SEREMI de Medio Ambiente de la Regi\u00f3n del B\u00edo-B\u00edo don Oscar Reicher, titulada \u00abLanzamiento del XXVII Concurso del Fondo de Protecci\u00f3n Ambiental FPA-2024\u00bb, contando con la participaci\u00f3n de diversos establecimientos educacionales de la provincia del Bio-Bio. &nbsp;<\/p>\n","protected":false},"author":1,"featured_media":1592,"comment_status":"closed","ping_status":"closed","sticky":false,"template":"","format":"standard","meta":{"ngg_post_thumbnail":0,"footnotes":""},"categories":[56],"tags":[],"class_list":["post-1590","post","type-post","status-publish","format-standard","has-post-thumbnail","hentry","category-actividades"],"rttpg_featured_image_url":{"full":["https:\/\/liceolosangeles.cl\/web\/wp-content\/uploads\/2023\/08\/369941840_743577770907361_8646705780422203213_n.jpg",768,1024,false],"landscape":["https:\/\/liceolosangeles.cl\/web\/wp-content\/uploads\/2023\/08\/369941840_743577770907361_8646705780422203213_n.jpg",768,1024,false],"portraits":["https:\/\/liceolosangeles.cl\/web\/wp-content\/uploads\/2023\/08\/369941840_743577770907361_8646705780422203213_n.jpg",768,1024,false],"thumbnail":["https:\/\/liceolosangeles.cl\/web\/wp-content\/uploads\/2023\/08\/369941840_743577770907361_8646705780422203213_n-150x150.jpg",150,150,true],"medium":["https:\/\/liceolosangeles.cl\/web\/wp-content\/uploads\/2023\/08\/369941840_743577770907361_8646705780422203213_n-225x300.jpg",225,300,true],"large":["https:\/\/liceolosangeles.cl\/web\/wp-content\/uploads\/2023\/08\/369941840_743577770907361_8646705780422203213_n.jpg",640,853,false],"1536x1536":["https:\/\/liceolosangeles.cl\/web\/wp-content\/uploads\/2023\/08\/369941840_743577770907361_8646705780422203213_n.jpg",768,1024,false],"2048x2048":["https:\/\/liceolosangeles.cl\/web\/wp-content\/uploads\/2023\/08\/369941840_743577770907361_8646705780422203213_n.jpg",768,1024,false],"psacp-medium":["https:\/\/liceolosangeles.cl\/web\/wp-content\/uploads\/2023\/08\/369941840_743577770907361_8646705780422203213_n.jpg",375,500,false]},"rttpg_author":{"display_name":"admin","author_link":"https:\/\/liceolosangeles.cl\/web\/author\/admin\/"},"rttpg_comment":0,"rttpg_category":"<a href=\"https:\/\/liceolosangeles.cl\/web\/category\/actividades\/\" rel=\"category tag\">Actividades<\/a>","rttpg_excerpt":"El pasado d\u00eda jueves 24, en las dependencias de nuestro establecimiento se llev\u00f3 a cabo la actividad del SEREMI de Medio Ambiente de la Regi\u00f3n del B\u00edo-B\u00edo don Oscar Reicher, titulada \u00abLanzamiento del XXVII Concurso del Fondo de Protecci\u00f3n Ambiental FPA-2024\u00bb, contando con la participaci\u00f3n de diversos establecimientos educacionales de la provincia del Bio-Bio. &nbsp;","_links":{"self":[{"href":"https:\/\/liceolosangeles.cl\/web\/wp-json\/wp\/v2\/posts\/1590","targetHints":{"allow":["GET"]}}],"collection":[{"href":"https:\/\/liceolosangeles.cl\/web\/wp-json\/wp\/v2\/posts"}],"about":[{"href":"https:\/\/liceolosangeles.cl\/web\/wp-json\/wp\/v2\/types\/post"}],"author":[{"embeddable":true,"href":"https:\/\/liceolosangeles.cl\/web\/wp-json\/wp\/v2\/users\/1"}],"replies":[{"embeddable":true,"href":"https:\/\/liceolosangeles.cl\/web\/wp-json\/wp\/v2\/comments?post=1590"}],"version-history":[{"count":3,"href":"https:\/\/liceolosangeles.cl\/web\/wp-json\/wp\/v2\/posts\/1590\/revisions"}],"predecessor-version":[{"id":1601,"href":"https:\/\/liceolosangeles.cl\/web\/wp-json\/wp\/v2\/posts\/1590\/revisions\/1601"}],"wp:featuredmedia":[{"embeddable":true,"href":"https:\/\/liceolosangeles.cl\/web\/wp-json\/wp\/v2\/media\/1592"}],"wp:attachment":[{"href":"https:\/\/liceolosangeles.cl\/web\/wp-json\/wp\/v2\/media?parent=1590"}],"wp:term":[{"taxonomy":"category","embeddable":true,"href":"https:\/\/liceolosangeles.cl\/web\/wp-json\/wp\/v2\/categories?post=1590"},{"taxonomy":"post_tag","embeddable":true,"href":"https:\/\/liceolosangeles.cl\/web\/wp-json\/wp\/v2\/tags?post=1590"}],"curies":[{"name":"wp","href":"https:\/\/api.w.org\/{rel}","templated":true}]}}