{"id":1510,"date":"2023-06-08T08:14:17","date_gmt":"2023-06-08T12:14:17","guid":{"rendered":"https:\/\/liceolosangeles.cl\/web\/?p=1510"},"modified":"2023-06-08T08:14:17","modified_gmt":"2023-06-08T12:14:17","slug":"%e2%9c%a8dia-internacional-del-medio-ambiente","status":"publish","type":"post","link":"https:\/\/liceolosangeles.cl\/web\/2023\/06\/08\/%e2%9c%a8dia-internacional-del-medio-ambiente\/","title":{"rendered":"\u2728D\u00eda internacional del medio ambiente."},"content":{"rendered":"<p style=\"text-align: justify;\">El d\u00eda Lunes 05 de Junio del 2023 se conmemor\u00f3 en nuestro Liceo el d\u00eda internacional del medio ambiente. En esa instancia, adem\u00e1s de reflexionar en torno a la importancia de la conservaci\u00f3n y nuestras responsabilidades individuales en el cuidado del entorno, realizaremos tambi\u00e9n la apertura del Jard\u00edn Bot\u00e1nico del Liceo Bicentenario Los \u00c1ngeles, un espacio natural \u00fanico que preserva la riqueza y la diversidad de la flora local.<br \/>\nEste jard\u00edn es una herramienta educativa valiosa para nuestros y nuestras estudiantes, ya que les brinda la oportunidad de aprender sobre la biodiversidad y la importancia de la conservaci\u00f3n de nuestro entorno natural.<\/p>\n<p><iframe loading=\"lazy\" style=\"border: none; overflow: hidden;\" src=\"https:\/\/www.facebook.com\/plugins\/video.php?height=314&amp;href=https%3A%2F%2Fwww.facebook.com%2FLiceoBicentenarioLosAngeles%2Fvideos%2F3610332692625537%2F&amp;show_text=false&amp;width=560&amp;t=0\" width=\"560\" height=\"314\" frameborder=\"0\" scrolling=\"no\" allowfullscreen=\"allowfullscreen\"><\/iframe>&nbsp;<\/p>\n","protected":false},"excerpt":{"rendered":"<p>El d\u00eda Lunes 05 de Junio del 2023 se conmemor\u00f3 en nuestro Liceo el d\u00eda internacional del medio ambiente. En esa instancia, adem\u00e1s de reflexionar en torno a la importancia de la conservaci\u00f3n y nuestras responsabilidades individuales en el cuidado del entorno, realizaremos tambi\u00e9n la apertura del Jard\u00edn Bot\u00e1nico del Liceo Bicentenario Los \u00c1ngeles, un [&hellip;]<\/p>\n","protected":false},"author":1,"featured_media":1511,"comment_status":"closed","ping_status":"closed","sticky":false,"template":"","format":"standard","meta":{"ngg_post_thumbnail":0,"footnotes":""},"categories":[56],"tags":[],"class_list":["post-1510","post","type-post","status-publish","format-standard","has-post-thumbnail","hentry","category-actividades"],"rttpg_featured_image_url":{"full":["https:\/\/liceolosangeles.cl\/web\/wp-content\/uploads\/2023\/06\/dia-mundial-del-medio-ambiente_w862.jpg",862,574,false],"landscape":["https:\/\/liceolosangeles.cl\/web\/wp-content\/uploads\/2023\/06\/dia-mundial-del-medio-ambiente_w862.jpg",862,574,false],"portraits":["https:\/\/liceolosangeles.cl\/web\/wp-content\/uploads\/2023\/06\/dia-mundial-del-medio-ambiente_w862.jpg",862,574,false],"thumbnail":["https:\/\/liceolosangeles.cl\/web\/wp-content\/uploads\/2023\/06\/dia-mundial-del-medio-ambiente_w862-150x150.jpg",150,150,true],"medium":["https:\/\/liceolosangeles.cl\/web\/wp-content\/uploads\/2023\/06\/dia-mundial-del-medio-ambiente_w862-300x200.jpg",300,200,true],"large":["https:\/\/liceolosangeles.cl\/web\/wp-content\/uploads\/2023\/06\/dia-mundial-del-medio-ambiente_w862.jpg",640,426,false],"1536x1536":["https:\/\/liceolosangeles.cl\/web\/wp-content\/uploads\/2023\/06\/dia-mundial-del-medio-ambiente_w862.jpg",862,574,false],"2048x2048":["https:\/\/liceolosangeles.cl\/web\/wp-content\/uploads\/2023\/06\/dia-mundial-del-medio-ambiente_w862.jpg",862,574,false],"psacp-medium":["https:\/\/liceolosangeles.cl\/web\/wp-content\/uploads\/2023\/06\/dia-mundial-del-medio-ambiente_w862.jpg",500,333,false]},"rttpg_author":{"display_name":"admin","author_link":"https:\/\/liceolosangeles.cl\/web\/author\/admin\/"},"rttpg_comment":0,"rttpg_category":"<a href=\"https:\/\/liceolosangeles.cl\/web\/category\/actividades\/\" rel=\"category tag\">Actividades<\/a>","rttpg_excerpt":"El d\u00eda Lunes 05 de Junio del 2023 se conmemor\u00f3 en nuestro Liceo el d\u00eda internacional del medio ambiente. En esa instancia, adem\u00e1s de reflexionar en torno a la importancia de la conservaci\u00f3n y nuestras responsabilidades individuales en el cuidado del entorno, realizaremos tambi\u00e9n la apertura del Jard\u00edn Bot\u00e1nico del Liceo Bicentenario Los \u00c1ngeles, un&hellip;","_links":{"self":[{"href":"https:\/\/liceolosangeles.cl\/web\/wp-json\/wp\/v2\/posts\/1510","targetHints":{"allow":["GET"]}}],"collection":[{"href":"https:\/\/liceolosangeles.cl\/web\/wp-json\/wp\/v2\/posts"}],"about":[{"href":"https:\/\/liceolosangeles.cl\/web\/wp-json\/wp\/v2\/types\/post"}],"author":[{"embeddable":true,"href":"https:\/\/liceolosangeles.cl\/web\/wp-json\/wp\/v2\/users\/1"}],"replies":[{"embeddable":true,"href":"https:\/\/liceolosangeles.cl\/web\/wp-json\/wp\/v2\/comments?post=1510"}],"version-history":[{"count":2,"href":"https:\/\/liceolosangeles.cl\/web\/wp-json\/wp\/v2\/posts\/1510\/revisions"}],"predecessor-version":[{"id":1513,"href":"https:\/\/liceolosangeles.cl\/web\/wp-json\/wp\/v2\/posts\/1510\/revisions\/1513"}],"wp:featuredmedia":[{"embeddable":true,"href":"https:\/\/liceolosangeles.cl\/web\/wp-json\/wp\/v2\/media\/1511"}],"wp:attachment":[{"href":"https:\/\/liceolosangeles.cl\/web\/wp-json\/wp\/v2\/media?parent=1510"}],"wp:term":[{"taxonomy":"category","embeddable":true,"href":"https:\/\/liceolosangeles.cl\/web\/wp-json\/wp\/v2\/categories?post=1510"},{"taxonomy":"post_tag","embeddable":true,"href":"https:\/\/liceolosangeles.cl\/web\/wp-json\/wp\/v2\/tags?post=1510"}],"curies":[{"name":"wp","href":"https:\/\/api.w.org\/{rel}","templated":true}]}}