{"id":1507,"date":"2023-06-05T17:07:36","date_gmt":"2023-06-05T21:07:36","guid":{"rendered":"https:\/\/liceolosangeles.cl\/web\/?p=1507"},"modified":"2023-06-05T17:07:36","modified_gmt":"2023-06-05T21:07:36","slug":"%e2%9c%a8-dia-de-los-patrimonios","status":"publish","type":"post","link":"https:\/\/liceolosangeles.cl\/web\/2023\/06\/05\/%e2%9c%a8-dia-de-los-patrimonios\/","title":{"rendered":"\u2728 D\u00eda de los patrimonios"},"content":{"rendered":"<p style=\"text-align: justify;\">Liceo Bicentenario Los \u00c1ngeles celebr\u00f3 el d\u00eda de los patrimonios con diferentes actividades durante el d\u00eda lunes 29 de mayo.<br \/>\nSe realizaron muestras en paneles sobre trabajos de infograf\u00edas acerca del patrimonio inmaterial considerando tradiciones, refranes y trabalenguas. Adem\u00e1s, se realiz\u00f3 una muestra de artesanos de trabajos en pita y telar. Finalmente, el d\u00eda culmin\u00f3 con una tarde de cine, sobre leyendas en Kamishibai animado realizado por estudiantes de octavos a\u00f1os.<br \/>\nAgradecemos la participaci\u00f3n de la apoderada Sra. Cecilia Collio quien particip\u00f3 con estudiantes de primer y segundo medio en un conversatorio acerca de la cultura mapuche.<\/p>\nngg_shortcode_0_placeholder\n","protected":false},"excerpt":{"rendered":"<p>Liceo Bicentenario Los \u00c1ngeles celebr\u00f3 el d\u00eda de los patrimonios con diferentes actividades durante el d\u00eda lunes 29 de mayo. Se realizaron muestras en paneles sobre trabajos de infograf\u00edas acerca del patrimonio inmaterial considerando tradiciones, refranes y trabalenguas. Adem\u00e1s, se realiz\u00f3 una muestra de artesanos de trabajos en pita y telar. Finalmente, el d\u00eda culmin\u00f3 [&hellip;]<\/p>\n","protected":false},"author":1,"featured_media":1508,"comment_status":"closed","ping_status":"closed","sticky":false,"template":"","format":"standard","meta":{"ngg_post_thumbnail":0,"footnotes":""},"categories":[56],"tags":[],"class_list":["post-1507","post","type-post","status-publish","format-standard","has-post-thumbnail","hentry","category-actividades"],"rttpg_featured_image_url":{"full":["https:\/\/liceolosangeles.cl\/web\/wp-content\/uploads\/2023\/06\/351328791_275730524871358_5933120656109789993_n.jpg",963,1280,false],"landscape":["https:\/\/liceolosangeles.cl\/web\/wp-content\/uploads\/2023\/06\/351328791_275730524871358_5933120656109789993_n.jpg",963,1280,false],"portraits":["https:\/\/liceolosangeles.cl\/web\/wp-content\/uploads\/2023\/06\/351328791_275730524871358_5933120656109789993_n.jpg",963,1280,false],"thumbnail":["https:\/\/liceolosangeles.cl\/web\/wp-content\/uploads\/2023\/06\/351328791_275730524871358_5933120656109789993_n-150x150.jpg",150,150,true],"medium":["https:\/\/liceolosangeles.cl\/web\/wp-content\/uploads\/2023\/06\/351328791_275730524871358_5933120656109789993_n-226x300.jpg",226,300,true],"large":["https:\/\/liceolosangeles.cl\/web\/wp-content\/uploads\/2023\/06\/351328791_275730524871358_5933120656109789993_n-770x1024.jpg",640,851,true],"1536x1536":["https:\/\/liceolosangeles.cl\/web\/wp-content\/uploads\/2023\/06\/351328791_275730524871358_5933120656109789993_n.jpg",963,1280,false],"2048x2048":["https:\/\/liceolosangeles.cl\/web\/wp-content\/uploads\/2023\/06\/351328791_275730524871358_5933120656109789993_n.jpg",963,1280,false],"psacp-medium":["https:\/\/liceolosangeles.cl\/web\/wp-content\/uploads\/2023\/06\/351328791_275730524871358_5933120656109789993_n.jpg",376,500,false]},"rttpg_author":{"display_name":"admin","author_link":"https:\/\/liceolosangeles.cl\/web\/author\/admin\/"},"rttpg_comment":0,"rttpg_category":"<a href=\"https:\/\/liceolosangeles.cl\/web\/category\/actividades\/\" rel=\"category tag\">Actividades<\/a>","rttpg_excerpt":"Liceo Bicentenario Los \u00c1ngeles celebr\u00f3 el d\u00eda de los patrimonios con diferentes actividades durante el d\u00eda lunes 29 de mayo. Se realizaron muestras en paneles sobre trabajos de infograf\u00edas acerca del patrimonio inmaterial considerando tradiciones, refranes y trabalenguas. Adem\u00e1s, se realiz\u00f3 una muestra de artesanos de trabajos en pita y telar. Finalmente, el d\u00eda culmin\u00f3&hellip;","_links":{"self":[{"href":"https:\/\/liceolosangeles.cl\/web\/wp-json\/wp\/v2\/posts\/1507","targetHints":{"allow":["GET"]}}],"collection":[{"href":"https:\/\/liceolosangeles.cl\/web\/wp-json\/wp\/v2\/posts"}],"about":[{"href":"https:\/\/liceolosangeles.cl\/web\/wp-json\/wp\/v2\/types\/post"}],"author":[{"embeddable":true,"href":"https:\/\/liceolosangeles.cl\/web\/wp-json\/wp\/v2\/users\/1"}],"replies":[{"embeddable":true,"href":"https:\/\/liceolosangeles.cl\/web\/wp-json\/wp\/v2\/comments?post=1507"}],"version-history":[{"count":1,"href":"https:\/\/liceolosangeles.cl\/web\/wp-json\/wp\/v2\/posts\/1507\/revisions"}],"predecessor-version":[{"id":1509,"href":"https:\/\/liceolosangeles.cl\/web\/wp-json\/wp\/v2\/posts\/1507\/revisions\/1509"}],"wp:featuredmedia":[{"embeddable":true,"href":"https:\/\/liceolosangeles.cl\/web\/wp-json\/wp\/v2\/media\/1508"}],"wp:attachment":[{"href":"https:\/\/liceolosangeles.cl\/web\/wp-json\/wp\/v2\/media?parent=1507"}],"wp:term":[{"taxonomy":"category","embeddable":true,"href":"https:\/\/liceolosangeles.cl\/web\/wp-json\/wp\/v2\/categories?post=1507"},{"taxonomy":"post_tag","embeddable":true,"href":"https:\/\/liceolosangeles.cl\/web\/wp-json\/wp\/v2\/tags?post=1507"}],"curies":[{"name":"wp","href":"https:\/\/api.w.org\/{rel}","templated":true}]}}